{"id":41269,"date":"2022-04-11T15:42:14","date_gmt":"2022-04-11T12:42:14","guid":{"rendered":"https:\/\/raedpp-constanta.ro\/?p=41269"},"modified":"2022-04-11T15:42:14","modified_gmt":"2022-04-11T12:42:14","slug":"complexul-comercial-tomis-iii-amea-ii-spatiul-comercial-nr-7","status":"publish","type":"post","link":"http:\/\/afi.conforturban-ct.ro\/en\/2022\/04\/11\/complexul-comercial-tomis-iii-amea-ii-spatiul-comercial-nr-7\/","title":{"rendered":"Complexul Comercial Tomis III \u2013 AMEA II \u2013 Spa\u021biul comercial nr. 7"},"content":{"rendered":"<p style=\"font-weight: 400;\"><strong>Complexul Comercial Tomis III \u2013 AMEA II \u2013 Spa\u021biul comercial nr. 7<\/strong><\/p>\n<p style=\"font-weight: 400;\">Regia Autonom\u0103 \u201eExploatarea Domeniului Public \u0219i Privat\u201d, bd.Tomis, nr.101, mun.Constan\u021ba, jud.Constan\u021ba, cod fiscal 2746784, telefon\/fax 0241580523, ofer\u0103 spre \u00eenchiriere prin licita\u0163ie public\u0103 cu plic \u00eenchis un spa\u0163iu comercial situat \u00een Complexul Comercial TOMIS III \u2013 AMEA II.<\/p>\n<p style=\"font-weight: 400;\">Spa\u021biul are o SU = 14,10 mp.<\/p>\n<p style=\"font-weight: 400;\">Spa\u021biul se poate \u00eenchiria cu destina\u021biile: sedii administrative inclusiv profesii liberale, sedii administrative institu\u021bii publice, funda\u021bii \u0219i asocia\u021bii, revolu\u021bionari, unit\u0103\u021bi alimenta\u021bie public\u0103 (restaurante, baruri, pizzerii, cluburi, altele asimilate), spa\u021bii comerciale, spa\u021bii prest\u0103ri servicii, spa\u021bii pentru mic\u0103 manufactur\u0103, handmade, meserii \u201euitate\u201d: pantofar, p\u0103l\u0103rier, reparator stilouri\/brichete, tocilar, ceasornicar, me\u0219ter popular, etc \u2013 activitate proprie.<\/p>\n<p style=\"font-weight: 400;\">Documenta\u0163ia de atribuire se poate ob\u021bine prin solicitare scris\u0103, de la sediul institu\u021biei, Serviciul&nbsp;&nbsp;Administrare Pie\u021be, T\u00e2rguri \u0219i Oboare, bd.Tomis, nr.101, et.3, mun.Constan\u021ba, condi\u021bionat de achitarea unei taxe de 100 lei\/exemplar.<\/p>\n<p style=\"font-weight: 400;\">&nbsp;Data limit\u0103 pentru solicitarea clarific\u0103rilor \u2013 19.04.2022, ora 13,00;<\/p>\n<p style=\"font-weight: 400;\">Ofertele vor fi depuse p\u00e2n\u0103 la data de 02.05.2022, ora 12,00 la Biroul Facturare din cadrul RAEDPP Constan\u021ba, bd.Tomis, nr.101, et.1, mun.Constan\u021ba, jud.Constan\u021ba, \u00eentr-un singur exemplar, \u00een dou\u0103 plicuri sigilate, unul exterior \u0219i unul interior.<\/p>\n<p style=\"font-weight: 400;\">Data \u015fi locul la care se va desf\u0103\u015fura \u015fedin\u0163a public\u0103 de deschidere a ofertelor \u2013 03.05.2022, ora 10,00, Regia Autonom\u0103 \u201eExploatarea Domeniului Public \u0219i Privat\u201d, bd.Tomis, nr.101, et.3, mun.Constan\u021ba, jud.Constan\u021ba<\/p>\n<p style=\"font-weight: 400;\">Litigiile ap\u0103rute se vor solu\u021biona la Sec\u0163ia de Contencios Administrativ \u0219i Fiscal a Tribunalului Constan\u021ba, str.Traian, nr.31, mun.Constan\u021ba, jud.Constan\u021ba,&nbsp;<a href=\"tel:0241606597\">tel:0241606597<\/a>, fax:0241617413,&nbsp;<a href=\"mailto:E-mail:tr-ct-contencios-reg@just.ro\">E-mail:tr-ct-contencios-reg@just.ro<\/a><\/p>\n<p><img fetchpriority=\"high\" decoding=\"async\" class=\"aligncenter wp-image-41270 size-large\" src=\"http:\/\/afi.conforturban-ct.ro\/wp-content\/uploads\/2022\/04\/IMG_3046-1024x576.jpg\" alt=\"\" width=\"1024\" height=\"576\" srcset=\"http:\/\/afi.conforturban-ct.ro\/wp-content\/uploads\/2022\/04\/IMG_3046-1024x576.jpg 1024w, http:\/\/afi.conforturban-ct.ro\/wp-content\/uploads\/2022\/04\/IMG_3046-300x169.jpg 300w, http:\/\/afi.conforturban-ct.ro\/wp-content\/uploads\/2022\/04\/IMG_3046-768x432.jpg 768w, http:\/\/afi.conforturban-ct.ro\/wp-content\/uploads\/2022\/04\/IMG_3046-18x10.jpg 18w, http:\/\/afi.conforturban-ct.ro\/wp-content\/uploads\/2022\/04\/IMG_3046.jpg 1366w\" sizes=\"(max-width: 1024px) 100vw, 1024px\" \/> <img decoding=\"async\" class=\"aligncenter wp-image-41272 size-large\" src=\"http:\/\/afi.conforturban-ct.ro\/wp-content\/uploads\/2022\/04\/IMG_3056-1024x576.jpg\" alt=\"\" width=\"1024\" height=\"576\" srcset=\"http:\/\/afi.conforturban-ct.ro\/wp-content\/uploads\/2022\/04\/IMG_3056-1024x576.jpg 1024w, http:\/\/afi.conforturban-ct.ro\/wp-content\/uploads\/2022\/04\/IMG_3056-300x169.jpg 300w, http:\/\/afi.conforturban-ct.ro\/wp-content\/uploads\/2022\/04\/IMG_3056-768x432.jpg 768w, http:\/\/afi.conforturban-ct.ro\/wp-content\/uploads\/2022\/04\/IMG_3056-18x10.jpg 18w, http:\/\/afi.conforturban-ct.ro\/wp-content\/uploads\/2022\/04\/IMG_3056.jpg 1366w\" sizes=\"(max-width: 1024px) 100vw, 1024px\" \/> <img decoding=\"async\" class=\"aligncenter wp-image-41271 size-large\" src=\"http:\/\/afi.conforturban-ct.ro\/wp-content\/uploads\/2022\/04\/IMG_3048-1024x576.jpg\" alt=\"\" width=\"1024\" height=\"576\" srcset=\"http:\/\/afi.conforturban-ct.ro\/wp-content\/uploads\/2022\/04\/IMG_3048-1024x576.jpg 1024w, http:\/\/afi.conforturban-ct.ro\/wp-content\/uploads\/2022\/04\/IMG_3048-300x169.jpg 300w, http:\/\/afi.conforturban-ct.ro\/wp-content\/uploads\/2022\/04\/IMG_3048-768x432.jpg 768w, http:\/\/afi.conforturban-ct.ro\/wp-content\/uploads\/2022\/04\/IMG_3048-18x10.jpg 18w, http:\/\/afi.conforturban-ct.ro\/wp-content\/uploads\/2022\/04\/IMG_3048.jpg 1366w\" sizes=\"(max-width: 1024px) 100vw, 1024px\" \/><\/p>","protected":false},"excerpt":{"rendered":"<p>Complexul Comercial Tomis III \u2013 AMEA II \u2013 Spa\u021biul comercial nr. 7 Regia Autonom\u0103 \u201eExploatarea Domeniului Public \u0219i Privat\u201d, bd.Tomis, nr.101, mun.Constan\u021ba, jud.Constan\u021ba, cod fiscal 2746784, telefon\/fax 0241580523, ofer\u0103 spre \u00eenchiriere prin licita\u0163ie public\u0103 cu plic \u00eenchis un spa\u0163iu comercial situat \u00een Complexul Comercial TOMIS III \u2013 AMEA II. Spa\u021biul are o SU = 14,10&hellip;<\/p>","protected":false},"author":6,"featured_media":41270,"comment_status":"closed","ping_status":"closed","sticky":false,"template":"","format":"standard","meta":{"footnotes":""},"categories":[300],"tags":[],"class_list":["post-41269","post","type-post","status-publish","format-standard","has-post-thumbnail","hentry","category-spatii-de-inchiriat","category-300","description-off"],"yoast_head":"<!-- This site is optimized with the Yoast SEO plugin v25.6 - https:\/\/yoast.com\/wordpress\/plugins\/seo\/ -->\n<title>Complexul Comercial Tomis III \u2013 AMEA II \u2013 Spa\u021biul comercial nr. 7 - Administra\u021bia Fondului Imobiliar<\/title>\n<meta name=\"robots\" content=\"index, follow, max-snippet:-1, max-image-preview:large, max-video-preview:-1\" \/>\n<link rel=\"canonical\" href=\"https:\/\/afi.conforturban-ct.ro\/en\/2022\/04\/11\/complexul-comercial-tomis-iii-amea-ii-spatiul-comercial-nr-7\/\" \/>\n<meta property=\"og:locale\" content=\"en_US\" \/>\n<meta property=\"og:type\" content=\"article\" \/>\n<meta property=\"og:title\" content=\"Complexul Comercial Tomis III \u2013 AMEA II \u2013 Spa\u021biul comercial nr. 7 - Administra\u021bia Fondului Imobiliar\" \/>\n<meta property=\"og:description\" content=\"Complexul Comercial Tomis III \u2013 AMEA II \u2013 Spa\u021biul comercial nr. 7 Regia Autonom\u0103 \u201eExploatarea Domeniului Public \u0219i Privat\u201d, bd.Tomis, nr.101, mun.Constan\u021ba, jud.Constan\u021ba, cod fiscal 2746784, telefon\/fax 0241580523, ofer\u0103 spre \u00eenchiriere prin licita\u0163ie public\u0103 cu plic \u00eenchis un spa\u0163iu comercial situat \u00een Complexul Comercial TOMIS III \u2013 AMEA II. Spa\u021biul are o SU = 14,10&hellip;\" \/>\n<meta property=\"og:url\" content=\"https:\/\/afi.conforturban-ct.ro\/en\/2022\/04\/11\/complexul-comercial-tomis-iii-amea-ii-spatiul-comercial-nr-7\/\" \/>\n<meta property=\"og:site_name\" content=\"Administra\u021bia Fondului Imobiliar\" \/>\n<meta property=\"article:published_time\" content=\"2022-04-11T12:42:14+00:00\" \/>\n<meta property=\"og:image\" content=\"https:\/\/afi.conforturban-ct.ro\/wp-content\/uploads\/2022\/04\/IMG_3046.jpg\" \/>\n\t<meta property=\"og:image:width\" content=\"1366\" \/>\n\t<meta property=\"og:image:height\" content=\"768\" \/>\n\t<meta property=\"og:image:type\" content=\"image\/jpeg\" \/>\n<meta name=\"twitter:card\" content=\"summary_large_image\" \/>\n<meta name=\"twitter:label1\" content=\"Written by\" \/>\n\t<meta name=\"twitter:data1\" content=\"\" \/>\n\t<meta name=\"twitter:label2\" content=\"Est. reading time\" \/>\n\t<meta name=\"twitter:data2\" content=\"2 minutes\" \/>\n<script type=\"application\/ld+json\" class=\"yoast-schema-graph\">{\"@context\":\"https:\/\/schema.org\",\"@graph\":[{\"@type\":\"Article\",\"@id\":\"https:\/\/afi.conforturban-ct.ro\/2022\/04\/11\/complexul-comercial-tomis-iii-amea-ii-spatiul-comercial-nr-7\/#article\",\"isPartOf\":{\"@id\":\"https:\/\/afi.conforturban-ct.ro\/2022\/04\/11\/complexul-comercial-tomis-iii-amea-ii-spatiul-comercial-nr-7\/\"},\"author\":{\"name\":\"\",\"@id\":\"https:\/\/afi.conforturban-ct.ro\/#\/schema\/person\/d450300ba18fec81da729749df76fe7f\"},\"headline\":\"Complexul Comercial Tomis III \u2013 AMEA II \u2013 Spa\u021biul comercial nr. 7\",\"datePublished\":\"2022-04-11T12:42:14+00:00\",\"mainEntityOfPage\":{\"@id\":\"https:\/\/afi.conforturban-ct.ro\/2022\/04\/11\/complexul-comercial-tomis-iii-amea-ii-spatiul-comercial-nr-7\/\"},\"wordCount\":295,\"publisher\":{\"@id\":\"https:\/\/afi.conforturban-ct.ro\/#organization\"},\"image\":{\"@id\":\"https:\/\/afi.conforturban-ct.ro\/2022\/04\/11\/complexul-comercial-tomis-iii-amea-ii-spatiul-comercial-nr-7\/#primaryimage\"},\"thumbnailUrl\":\"http:\/\/afi.conforturban-ct.ro\/wp-content\/uploads\/2022\/04\/IMG_3046.jpg\",\"articleSection\":[\"Spa\u021bii de \u00eenchiriat\"],\"inLanguage\":\"en-US\"},{\"@type\":\"WebPage\",\"@id\":\"https:\/\/afi.conforturban-ct.ro\/2022\/04\/11\/complexul-comercial-tomis-iii-amea-ii-spatiul-comercial-nr-7\/\",\"url\":\"https:\/\/afi.conforturban-ct.ro\/2022\/04\/11\/complexul-comercial-tomis-iii-amea-ii-spatiul-comercial-nr-7\/\",\"name\":\"Complexul Comercial Tomis III \u2013 AMEA II \u2013 Spa\u021biul comercial nr. 7 - Administra\u021bia Fondului Imobiliar\",\"isPartOf\":{\"@id\":\"https:\/\/afi.conforturban-ct.ro\/#website\"},\"primaryImageOfPage\":{\"@id\":\"https:\/\/afi.conforturban-ct.ro\/2022\/04\/11\/complexul-comercial-tomis-iii-amea-ii-spatiul-comercial-nr-7\/#primaryimage\"},\"image\":{\"@id\":\"https:\/\/afi.conforturban-ct.ro\/2022\/04\/11\/complexul-comercial-tomis-iii-amea-ii-spatiul-comercial-nr-7\/#primaryimage\"},\"thumbnailUrl\":\"http:\/\/afi.conforturban-ct.ro\/wp-content\/uploads\/2022\/04\/IMG_3046.jpg\",\"datePublished\":\"2022-04-11T12:42:14+00:00\",\"inLanguage\":\"en-US\",\"potentialAction\":[{\"@type\":\"ReadAction\",\"target\":[\"https:\/\/afi.conforturban-ct.ro\/2022\/04\/11\/complexul-comercial-tomis-iii-amea-ii-spatiul-comercial-nr-7\/\"]}]},{\"@type\":\"ImageObject\",\"inLanguage\":\"en-US\",\"@id\":\"https:\/\/afi.conforturban-ct.ro\/2022\/04\/11\/complexul-comercial-tomis-iii-amea-ii-spatiul-comercial-nr-7\/#primaryimage\",\"url\":\"http:\/\/afi.conforturban-ct.ro\/wp-content\/uploads\/2022\/04\/IMG_3046.jpg\",\"contentUrl\":\"http:\/\/afi.conforturban-ct.ro\/wp-content\/uploads\/2022\/04\/IMG_3046.jpg\",\"width\":1366,\"height\":768},{\"@type\":\"WebSite\",\"@id\":\"https:\/\/afi.conforturban-ct.ro\/#website\",\"url\":\"https:\/\/afi.conforturban-ct.ro\/\",\"name\":\"Administra\u021bia Fondului Imobiliar\",\"description\":\"Administra\u021bia Fondului Imobiliar\",\"publisher\":{\"@id\":\"https:\/\/afi.conforturban-ct.ro\/#organization\"},\"potentialAction\":[{\"@type\":\"SearchAction\",\"target\":{\"@type\":\"EntryPoint\",\"urlTemplate\":\"https:\/\/afi.conforturban-ct.ro\/?s={search_term_string}\"},\"query-input\":{\"@type\":\"PropertyValueSpecification\",\"valueRequired\":true,\"valueName\":\"search_term_string\"}}],\"inLanguage\":\"en-US\"},{\"@type\":\"Organization\",\"@id\":\"https:\/\/afi.conforturban-ct.ro\/#organization\",\"name\":\"Administra\u021bia Fondului Imobiliar\",\"url\":\"https:\/\/afi.conforturban-ct.ro\/\",\"logo\":{\"@type\":\"ImageObject\",\"inLanguage\":\"en-US\",\"@id\":\"https:\/\/afi.conforturban-ct.ro\/#\/schema\/logo\/image\/\",\"url\":\"http:\/\/afi.conforturban-ct.ro\/wp-content\/uploads\/2022\/11\/Administratia-fondului-imobiliar-2.png\",\"contentUrl\":\"http:\/\/afi.conforturban-ct.ro\/wp-content\/uploads\/2022\/11\/Administratia-fondului-imobiliar-2.png\",\"width\":500,\"height\":39,\"caption\":\"Administra\u021bia Fondului Imobiliar\"},\"image\":{\"@id\":\"https:\/\/afi.conforturban-ct.ro\/#\/schema\/logo\/image\/\"}},{\"@type\":\"Person\",\"@id\":\"https:\/\/afi.conforturban-ct.ro\/#\/schema\/person\/d450300ba18fec81da729749df76fe7f\",\"name\":\"\",\"image\":{\"@type\":\"ImageObject\",\"inLanguage\":\"en-US\",\"@id\":\"https:\/\/afi.conforturban-ct.ro\/#\/schema\/person\/image\/\",\"url\":\"https:\/\/secure.gravatar.com\/avatar\/62d033dbc1e11e7fd1ae59b64dbd7571cba60a2b19dc58f6da87f98094558e4b?s=96&d=mm&r=g\",\"contentUrl\":\"https:\/\/secure.gravatar.com\/avatar\/62d033dbc1e11e7fd1ae59b64dbd7571cba60a2b19dc58f6da87f98094558e4b?s=96&d=mm&r=g\"},\"url\":\"http:\/\/afi.conforturban-ct.ro\/en\/author\/\"}]}<\/script>\n<!-- \/ Yoast SEO plugin. -->","yoast_head_json":{"title":"Complexul Comercial Tomis III \u2013 AMEA II \u2013 Spa\u021biul comercial nr. 7 - Administra\u021bia Fondului Imobiliar","robots":{"index":"index","follow":"follow","max-snippet":"max-snippet:-1","max-image-preview":"max-image-preview:large","max-video-preview":"max-video-preview:-1"},"canonical":"https:\/\/afi.conforturban-ct.ro\/en\/2022\/04\/11\/complexul-comercial-tomis-iii-amea-ii-spatiul-comercial-nr-7\/","og_locale":"en_US","og_type":"article","og_title":"Complexul Comercial Tomis III \u2013 AMEA II \u2013 Spa\u021biul comercial nr. 7 - Administra\u021bia Fondului Imobiliar","og_description":"Complexul Comercial Tomis III \u2013 AMEA II \u2013 Spa\u021biul comercial nr. 7 Regia Autonom\u0103 \u201eExploatarea Domeniului Public \u0219i Privat\u201d, bd.Tomis, nr.101, mun.Constan\u021ba, jud.Constan\u021ba, cod fiscal 2746784, telefon\/fax 0241580523, ofer\u0103 spre \u00eenchiriere prin licita\u0163ie public\u0103 cu plic \u00eenchis un spa\u0163iu comercial situat \u00een Complexul Comercial TOMIS III \u2013 AMEA II. Spa\u021biul are o SU = 14,10&hellip;","og_url":"https:\/\/afi.conforturban-ct.ro\/en\/2022\/04\/11\/complexul-comercial-tomis-iii-amea-ii-spatiul-comercial-nr-7\/","og_site_name":"Administra\u021bia Fondului Imobiliar","article_published_time":"2022-04-11T12:42:14+00:00","og_image":[{"width":1366,"height":768,"url":"https:\/\/afi.conforturban-ct.ro\/wp-content\/uploads\/2022\/04\/IMG_3046.jpg","type":"image\/jpeg"}],"twitter_card":"summary_large_image","twitter_misc":{"Written by":"","Est. reading time":"2 minutes"},"schema":{"@context":"https:\/\/schema.org","@graph":[{"@type":"Article","@id":"https:\/\/afi.conforturban-ct.ro\/2022\/04\/11\/complexul-comercial-tomis-iii-amea-ii-spatiul-comercial-nr-7\/#article","isPartOf":{"@id":"https:\/\/afi.conforturban-ct.ro\/2022\/04\/11\/complexul-comercial-tomis-iii-amea-ii-spatiul-comercial-nr-7\/"},"author":{"name":"","@id":"https:\/\/afi.conforturban-ct.ro\/#\/schema\/person\/d450300ba18fec81da729749df76fe7f"},"headline":"Complexul Comercial Tomis III \u2013 AMEA II \u2013 Spa\u021biul comercial nr. 7","datePublished":"2022-04-11T12:42:14+00:00","mainEntityOfPage":{"@id":"https:\/\/afi.conforturban-ct.ro\/2022\/04\/11\/complexul-comercial-tomis-iii-amea-ii-spatiul-comercial-nr-7\/"},"wordCount":295,"publisher":{"@id":"https:\/\/afi.conforturban-ct.ro\/#organization"},"image":{"@id":"https:\/\/afi.conforturban-ct.ro\/2022\/04\/11\/complexul-comercial-tomis-iii-amea-ii-spatiul-comercial-nr-7\/#primaryimage"},"thumbnailUrl":"http:\/\/afi.conforturban-ct.ro\/wp-content\/uploads\/2022\/04\/IMG_3046.jpg","articleSection":["Spa\u021bii de \u00eenchiriat"],"inLanguage":"en-US"},{"@type":"WebPage","@id":"https:\/\/afi.conforturban-ct.ro\/2022\/04\/11\/complexul-comercial-tomis-iii-amea-ii-spatiul-comercial-nr-7\/","url":"https:\/\/afi.conforturban-ct.ro\/2022\/04\/11\/complexul-comercial-tomis-iii-amea-ii-spatiul-comercial-nr-7\/","name":"Complexul Comercial Tomis III \u2013 AMEA II \u2013 Spa\u021biul comercial nr. 7 - Administra\u021bia Fondului Imobiliar","isPartOf":{"@id":"https:\/\/afi.conforturban-ct.ro\/#website"},"primaryImageOfPage":{"@id":"https:\/\/afi.conforturban-ct.ro\/2022\/04\/11\/complexul-comercial-tomis-iii-amea-ii-spatiul-comercial-nr-7\/#primaryimage"},"image":{"@id":"https:\/\/afi.conforturban-ct.ro\/2022\/04\/11\/complexul-comercial-tomis-iii-amea-ii-spatiul-comercial-nr-7\/#primaryimage"},"thumbnailUrl":"http:\/\/afi.conforturban-ct.ro\/wp-content\/uploads\/2022\/04\/IMG_3046.jpg","datePublished":"2022-04-11T12:42:14+00:00","inLanguage":"en-US","potentialAction":[{"@type":"ReadAction","target":["https:\/\/afi.conforturban-ct.ro\/2022\/04\/11\/complexul-comercial-tomis-iii-amea-ii-spatiul-comercial-nr-7\/"]}]},{"@type":"ImageObject","inLanguage":"en-US","@id":"https:\/\/afi.conforturban-ct.ro\/2022\/04\/11\/complexul-comercial-tomis-iii-amea-ii-spatiul-comercial-nr-7\/#primaryimage","url":"http:\/\/afi.conforturban-ct.ro\/wp-content\/uploads\/2022\/04\/IMG_3046.jpg","contentUrl":"http:\/\/afi.conforturban-ct.ro\/wp-content\/uploads\/2022\/04\/IMG_3046.jpg","width":1366,"height":768},{"@type":"WebSite","@id":"https:\/\/afi.conforturban-ct.ro\/#website","url":"https:\/\/afi.conforturban-ct.ro\/","name":"Administra\u021bia Fondului Imobiliar","description":"Administra\u021bia Fondului Imobiliar","publisher":{"@id":"https:\/\/afi.conforturban-ct.ro\/#organization"},"potentialAction":[{"@type":"SearchAction","target":{"@type":"EntryPoint","urlTemplate":"https:\/\/afi.conforturban-ct.ro\/?s={search_term_string}"},"query-input":{"@type":"PropertyValueSpecification","valueRequired":true,"valueName":"search_term_string"}}],"inLanguage":"en-US"},{"@type":"Organization","@id":"https:\/\/afi.conforturban-ct.ro\/#organization","name":"Administra\u021bia Fondului Imobiliar","url":"https:\/\/afi.conforturban-ct.ro\/","logo":{"@type":"ImageObject","inLanguage":"en-US","@id":"https:\/\/afi.conforturban-ct.ro\/#\/schema\/logo\/image\/","url":"http:\/\/afi.conforturban-ct.ro\/wp-content\/uploads\/2022\/11\/Administratia-fondului-imobiliar-2.png","contentUrl":"http:\/\/afi.conforturban-ct.ro\/wp-content\/uploads\/2022\/11\/Administratia-fondului-imobiliar-2.png","width":500,"height":39,"caption":"Administra\u021bia Fondului Imobiliar"},"image":{"@id":"https:\/\/afi.conforturban-ct.ro\/#\/schema\/logo\/image\/"}},{"@type":"Person","@id":"https:\/\/afi.conforturban-ct.ro\/#\/schema\/person\/d450300ba18fec81da729749df76fe7f","name":"","image":{"@type":"ImageObject","inLanguage":"en-US","@id":"https:\/\/afi.conforturban-ct.ro\/#\/schema\/person\/image\/","url":"https:\/\/secure.gravatar.com\/avatar\/62d033dbc1e11e7fd1ae59b64dbd7571cba60a2b19dc58f6da87f98094558e4b?s=96&d=mm&r=g","contentUrl":"https:\/\/secure.gravatar.com\/avatar\/62d033dbc1e11e7fd1ae59b64dbd7571cba60a2b19dc58f6da87f98094558e4b?s=96&d=mm&r=g"},"url":"http:\/\/afi.conforturban-ct.ro\/en\/author\/"}]}},"_links":{"self":[{"href":"http:\/\/afi.conforturban-ct.ro\/en\/wp-json\/wp\/v2\/posts\/41269","targetHints":{"allow":["GET"]}}],"collection":[{"href":"http:\/\/afi.conforturban-ct.ro\/en\/wp-json\/wp\/v2\/posts"}],"about":[{"href":"http:\/\/afi.conforturban-ct.ro\/en\/wp-json\/wp\/v2\/types\/post"}],"author":[{"embeddable":true,"href":"http:\/\/afi.conforturban-ct.ro\/en\/wp-json\/wp\/v2\/users\/6"}],"replies":[{"embeddable":true,"href":"http:\/\/afi.conforturban-ct.ro\/en\/wp-json\/wp\/v2\/comments?post=41269"}],"version-history":[{"count":1,"href":"http:\/\/afi.conforturban-ct.ro\/en\/wp-json\/wp\/v2\/posts\/41269\/revisions"}],"predecessor-version":[{"id":41273,"href":"http:\/\/afi.conforturban-ct.ro\/en\/wp-json\/wp\/v2\/posts\/41269\/revisions\/41273"}],"wp:featuredmedia":[{"embeddable":true,"href":"http:\/\/afi.conforturban-ct.ro\/en\/wp-json\/wp\/v2\/media\/41270"}],"wp:attachment":[{"href":"http:\/\/afi.conforturban-ct.ro\/en\/wp-json\/wp\/v2\/media?parent=41269"}],"wp:term":[{"taxonomy":"category","embeddable":true,"href":"http:\/\/afi.conforturban-ct.ro\/en\/wp-json\/wp\/v2\/categories?post=41269"},{"taxonomy":"post_tag","embeddable":true,"href":"http:\/\/afi.conforturban-ct.ro\/en\/wp-json\/wp\/v2\/tags?post=41269"}],"curies":[{"name":"wp","href":"https:\/\/api.w.org\/{rel}","templated":true}]}}