{"id":41640,"date":"2022-10-28T14:49:28","date_gmt":"2022-10-28T11:49:28","guid":{"rendered":"https:\/\/raedpp-constanta.ro\/?p=41640"},"modified":"2022-10-28T14:49:28","modified_gmt":"2022-10-28T11:49:28","slug":"pietele-si-parcurile-de-distractie-administrate-de-afi-s-r-l-isi-modifica-programul-de-functionare","status":"publish","type":"post","link":"http:\/\/afi.conforturban-ct.ro\/en\/2022\/10\/28\/pietele-si-parcurile-de-distractie-administrate-de-afi-s-r-l-isi-modifica-programul-de-functionare\/","title":{"rendered":"PIE\u021aELE \u0218I PARCURILE DE DISTRAC\u021aIE ADMINISTRATE DE AFI S.R.L. \u00ce\u0218I MODIFIC\u0102 PROGRAMUL DE FUNC\u021aIONARE"},"content":{"rendered":"<p>Cele trei parcuri de tip \u021aara Piticilor situate \u00een parcul T\u0103b\u0103c\u0103rie, Aleea Nalbei \u0219i Bd. I.C. Br\u0103tianu din municipiul Constan\u021ba \u0219i complexul de sporturi extreme Gravity Park \u00ee\u0219i modific\u0103 orarul de func\u021bionare. Administra\u021bia Fondului Imobiliar S.R.L. a luat aceast\u0103 m\u0103sur\u0103 pentru a adapta programul la perioada de iarn\u0103. \u00cencep\u00e2nd de duminc\u0103, 30.10.2022, parcurile de distrac\u021bie vor fi deschise vizitatorilor zilnic, \u00eentre orele 09:00 \u2013 19:00.<\/p>\n<p>De asemenea, \u00eencep\u00e2nd de luni, 31.10.2022, pie\u0163ele agroalimentare administrate de societate vor func\u021biona dup\u0103 un nou program, adaptat perioadei de iarn\u0103. Astfel, de luni p\u00e2n\u0103 s\u00e2mb\u0103t\u0103, pie\u021bele vor fi deschise \u00een intervalul orar 07:30 &#8211; 18:00, iar duminica \u00eentre 07:30 \u0219i 13:00.<\/p>","protected":false},"excerpt":{"rendered":"<p>Cele trei parcuri de tip \u021aara Piticilor situate \u00een parcul T\u0103b\u0103c\u0103rie, Aleea Nalbei \u0219i Bd. I.C. Br\u0103tianu din municipiul Constan\u021ba \u0219i complexul de sporturi extreme Gravity Park \u00ee\u0219i modific\u0103 orarul de func\u021bionare. Administra\u021bia Fondului Imobiliar S.R.L. a luat aceast\u0103 m\u0103sur\u0103 pentru a adapta programul la perioada de iarn\u0103. \u00cencep\u00e2nd de duminc\u0103, 30.10.2022, parcurile de distrac\u021bie&hellip;<\/p>","protected":false},"author":6,"featured_media":41641,"comment_status":"closed","ping_status":"closed","sticky":false,"template":"","format":"standard","meta":{"footnotes":""},"categories":[301],"tags":[],"class_list":["post-41640","post","type-post","status-publish","format-standard","has-post-thumbnail","hentry","category-comunicate-de-presa","category-301","description-off"],"yoast_head":"<!-- This site is optimized with the Yoast SEO plugin v25.6 - https:\/\/yoast.com\/wordpress\/plugins\/seo\/ -->\n<title>PIE\u021aELE \u0218I PARCURILE DE DISTRAC\u021aIE ADMINISTRATE DE AFI S.R.L. \u00ce\u0218I MODIFIC\u0102 PROGRAMUL DE FUNC\u021aIONARE - Administra\u021bia Fondului Imobiliar<\/title>\n<meta name=\"robots\" content=\"index, follow, max-snippet:-1, max-image-preview:large, max-video-preview:-1\" \/>\n<link rel=\"canonical\" href=\"https:\/\/afi.conforturban-ct.ro\/en\/2022\/10\/28\/pietele-si-parcurile-de-distractie-administrate-de-afi-s-r-l-isi-modifica-programul-de-functionare\/\" \/>\n<meta property=\"og:locale\" content=\"en_US\" \/>\n<meta property=\"og:type\" content=\"article\" \/>\n<meta property=\"og:title\" content=\"PIE\u021aELE \u0218I PARCURILE DE DISTRAC\u021aIE ADMINISTRATE DE AFI S.R.L. \u00ce\u0218I MODIFIC\u0102 PROGRAMUL DE FUNC\u021aIONARE - Administra\u021bia Fondului Imobiliar\" \/>\n<meta property=\"og:description\" content=\"Cele trei parcuri de tip \u021aara Piticilor situate \u00een parcul T\u0103b\u0103c\u0103rie, Aleea Nalbei \u0219i Bd. I.C. Br\u0103tianu din municipiul Constan\u021ba \u0219i complexul de sporturi extreme Gravity Park \u00ee\u0219i modific\u0103 orarul de func\u021bionare. Administra\u021bia Fondului Imobiliar S.R.L. a luat aceast\u0103 m\u0103sur\u0103 pentru a adapta programul la perioada de iarn\u0103. \u00cencep\u00e2nd de duminc\u0103, 30.10.2022, parcurile de distrac\u021bie&hellip;\" \/>\n<meta property=\"og:url\" content=\"https:\/\/afi.conforturban-ct.ro\/en\/2022\/10\/28\/pietele-si-parcurile-de-distractie-administrate-de-afi-s-r-l-isi-modifica-programul-de-functionare\/\" \/>\n<meta property=\"og:site_name\" content=\"Administra\u021bia Fondului Imobiliar\" \/>\n<meta property=\"article:published_time\" content=\"2022-10-28T11:49:28+00:00\" \/>\n<meta property=\"og:image\" content=\"https:\/\/afi.conforturban-ct.ro\/wp-content\/uploads\/2022\/10\/ora-iarna-2.jpg\" \/>\n\t<meta property=\"og:image:width\" content=\"1600\" \/>\n\t<meta property=\"og:image:height\" content=\"1200\" \/>\n\t<meta property=\"og:image:type\" content=\"image\/jpeg\" \/>\n<meta name=\"twitter:card\" content=\"summary_large_image\" \/>\n<meta name=\"twitter:label1\" content=\"Written by\" \/>\n\t<meta name=\"twitter:data1\" content=\"\" \/>\n\t<meta name=\"twitter:label2\" content=\"Est. reading time\" \/>\n\t<meta name=\"twitter:data2\" content=\"1 minute\" \/>\n<script type=\"application\/ld+json\" class=\"yoast-schema-graph\">{\"@context\":\"https:\/\/schema.org\",\"@graph\":[{\"@type\":\"Article\",\"@id\":\"https:\/\/afi.conforturban-ct.ro\/en\/2022\/10\/28\/pietele-si-parcurile-de-distractie-administrate-de-afi-s-r-l-isi-modifica-programul-de-functionare\/#article\",\"isPartOf\":{\"@id\":\"https:\/\/afi.conforturban-ct.ro\/en\/2022\/10\/28\/pietele-si-parcurile-de-distractie-administrate-de-afi-s-r-l-isi-modifica-programul-de-functionare\/\"},\"author\":{\"name\":\"\",\"@id\":\"https:\/\/afi.conforturban-ct.ro\/#\/schema\/person\/d450300ba18fec81da729749df76fe7f\"},\"headline\":\"PIE\u021aELE \u0218I PARCURILE DE DISTRAC\u021aIE ADMINISTRATE DE AFI S.R.L. \u00ce\u0218I MODIFIC\u0102 PROGRAMUL DE FUNC\u021aIONARE\",\"datePublished\":\"2022-10-28T11:49:28+00:00\",\"mainEntityOfPage\":{\"@id\":\"https:\/\/afi.conforturban-ct.ro\/en\/2022\/10\/28\/pietele-si-parcurile-de-distractie-administrate-de-afi-s-r-l-isi-modifica-programul-de-functionare\/\"},\"wordCount\":137,\"publisher\":{\"@id\":\"https:\/\/afi.conforturban-ct.ro\/#organization\"},\"image\":{\"@id\":\"https:\/\/afi.conforturban-ct.ro\/en\/2022\/10\/28\/pietele-si-parcurile-de-distractie-administrate-de-afi-s-r-l-isi-modifica-programul-de-functionare\/#primaryimage\"},\"thumbnailUrl\":\"http:\/\/afi.conforturban-ct.ro\/wp-content\/uploads\/2022\/10\/ora-iarna-2.jpg\",\"articleSection\":[\"Comunicate de pres\u0103\"],\"inLanguage\":\"en-US\"},{\"@type\":\"WebPage\",\"@id\":\"https:\/\/afi.conforturban-ct.ro\/en\/2022\/10\/28\/pietele-si-parcurile-de-distractie-administrate-de-afi-s-r-l-isi-modifica-programul-de-functionare\/\",\"url\":\"https:\/\/afi.conforturban-ct.ro\/en\/2022\/10\/28\/pietele-si-parcurile-de-distractie-administrate-de-afi-s-r-l-isi-modifica-programul-de-functionare\/\",\"name\":\"PIE\u021aELE \u0218I PARCURILE DE DISTRAC\u021aIE ADMINISTRATE DE AFI S.R.L. \u00ce\u0218I MODIFIC\u0102 PROGRAMUL DE FUNC\u021aIONARE - Administra\u021bia Fondului Imobiliar\",\"isPartOf\":{\"@id\":\"https:\/\/afi.conforturban-ct.ro\/#website\"},\"primaryImageOfPage\":{\"@id\":\"https:\/\/afi.conforturban-ct.ro\/en\/2022\/10\/28\/pietele-si-parcurile-de-distractie-administrate-de-afi-s-r-l-isi-modifica-programul-de-functionare\/#primaryimage\"},\"image\":{\"@id\":\"https:\/\/afi.conforturban-ct.ro\/en\/2022\/10\/28\/pietele-si-parcurile-de-distractie-administrate-de-afi-s-r-l-isi-modifica-programul-de-functionare\/#primaryimage\"},\"thumbnailUrl\":\"http:\/\/afi.conforturban-ct.ro\/wp-content\/uploads\/2022\/10\/ora-iarna-2.jpg\",\"datePublished\":\"2022-10-28T11:49:28+00:00\",\"inLanguage\":\"en-US\",\"potentialAction\":[{\"@type\":\"ReadAction\",\"target\":[\"https:\/\/afi.conforturban-ct.ro\/en\/2022\/10\/28\/pietele-si-parcurile-de-distractie-administrate-de-afi-s-r-l-isi-modifica-programul-de-functionare\/\"]}]},{\"@type\":\"ImageObject\",\"inLanguage\":\"en-US\",\"@id\":\"https:\/\/afi.conforturban-ct.ro\/en\/2022\/10\/28\/pietele-si-parcurile-de-distractie-administrate-de-afi-s-r-l-isi-modifica-programul-de-functionare\/#primaryimage\",\"url\":\"http:\/\/afi.conforturban-ct.ro\/wp-content\/uploads\/2022\/10\/ora-iarna-2.jpg\",\"contentUrl\":\"http:\/\/afi.conforturban-ct.ro\/wp-content\/uploads\/2022\/10\/ora-iarna-2.jpg\",\"width\":1600,\"height\":1200},{\"@type\":\"WebSite\",\"@id\":\"https:\/\/afi.conforturban-ct.ro\/#website\",\"url\":\"https:\/\/afi.conforturban-ct.ro\/\",\"name\":\"Administra\u021bia Fondului Imobiliar\",\"description\":\"Administra\u021bia Fondului Imobiliar\",\"publisher\":{\"@id\":\"https:\/\/afi.conforturban-ct.ro\/#organization\"},\"potentialAction\":[{\"@type\":\"SearchAction\",\"target\":{\"@type\":\"EntryPoint\",\"urlTemplate\":\"https:\/\/afi.conforturban-ct.ro\/?s={search_term_string}\"},\"query-input\":{\"@type\":\"PropertyValueSpecification\",\"valueRequired\":true,\"valueName\":\"search_term_string\"}}],\"inLanguage\":\"en-US\"},{\"@type\":\"Organization\",\"@id\":\"https:\/\/afi.conforturban-ct.ro\/#organization\",\"name\":\"Administra\u021bia Fondului Imobiliar\",\"url\":\"https:\/\/afi.conforturban-ct.ro\/\",\"logo\":{\"@type\":\"ImageObject\",\"inLanguage\":\"en-US\",\"@id\":\"https:\/\/afi.conforturban-ct.ro\/#\/schema\/logo\/image\/\",\"url\":\"http:\/\/afi.conforturban-ct.ro\/wp-content\/uploads\/2022\/11\/Administratia-fondului-imobiliar-2.png\",\"contentUrl\":\"http:\/\/afi.conforturban-ct.ro\/wp-content\/uploads\/2022\/11\/Administratia-fondului-imobiliar-2.png\",\"width\":500,\"height\":39,\"caption\":\"Administra\u021bia Fondului Imobiliar\"},\"image\":{\"@id\":\"https:\/\/afi.conforturban-ct.ro\/#\/schema\/logo\/image\/\"}},{\"@type\":\"Person\",\"@id\":\"https:\/\/afi.conforturban-ct.ro\/#\/schema\/person\/d450300ba18fec81da729749df76fe7f\",\"name\":\"\",\"image\":{\"@type\":\"ImageObject\",\"inLanguage\":\"en-US\",\"@id\":\"https:\/\/afi.conforturban-ct.ro\/#\/schema\/person\/image\/\",\"url\":\"https:\/\/secure.gravatar.com\/avatar\/62d033dbc1e11e7fd1ae59b64dbd7571cba60a2b19dc58f6da87f98094558e4b?s=96&d=mm&r=g\",\"contentUrl\":\"https:\/\/secure.gravatar.com\/avatar\/62d033dbc1e11e7fd1ae59b64dbd7571cba60a2b19dc58f6da87f98094558e4b?s=96&d=mm&r=g\"},\"url\":\"http:\/\/afi.conforturban-ct.ro\/en\/author\/\"}]}<\/script>\n<!-- \/ Yoast SEO plugin. -->","yoast_head_json":{"title":"PIE\u021aELE \u0218I PARCURILE DE DISTRAC\u021aIE ADMINISTRATE DE AFI S.R.L. \u00ce\u0218I MODIFIC\u0102 PROGRAMUL DE FUNC\u021aIONARE - Administra\u021bia Fondului Imobiliar","robots":{"index":"index","follow":"follow","max-snippet":"max-snippet:-1","max-image-preview":"max-image-preview:large","max-video-preview":"max-video-preview:-1"},"canonical":"https:\/\/afi.conforturban-ct.ro\/en\/2022\/10\/28\/pietele-si-parcurile-de-distractie-administrate-de-afi-s-r-l-isi-modifica-programul-de-functionare\/","og_locale":"en_US","og_type":"article","og_title":"PIE\u021aELE \u0218I PARCURILE DE DISTRAC\u021aIE ADMINISTRATE DE AFI S.R.L. \u00ce\u0218I MODIFIC\u0102 PROGRAMUL DE FUNC\u021aIONARE - Administra\u021bia Fondului Imobiliar","og_description":"Cele trei parcuri de tip \u021aara Piticilor situate \u00een parcul T\u0103b\u0103c\u0103rie, Aleea Nalbei \u0219i Bd. I.C. Br\u0103tianu din municipiul Constan\u021ba \u0219i complexul de sporturi extreme Gravity Park \u00ee\u0219i modific\u0103 orarul de func\u021bionare. Administra\u021bia Fondului Imobiliar S.R.L. a luat aceast\u0103 m\u0103sur\u0103 pentru a adapta programul la perioada de iarn\u0103. \u00cencep\u00e2nd de duminc\u0103, 30.10.2022, parcurile de distrac\u021bie&hellip;","og_url":"https:\/\/afi.conforturban-ct.ro\/en\/2022\/10\/28\/pietele-si-parcurile-de-distractie-administrate-de-afi-s-r-l-isi-modifica-programul-de-functionare\/","og_site_name":"Administra\u021bia Fondului Imobiliar","article_published_time":"2022-10-28T11:49:28+00:00","og_image":[{"width":1600,"height":1200,"url":"https:\/\/afi.conforturban-ct.ro\/wp-content\/uploads\/2022\/10\/ora-iarna-2.jpg","type":"image\/jpeg"}],"twitter_card":"summary_large_image","twitter_misc":{"Written by":"","Est. reading time":"1 minute"},"schema":{"@context":"https:\/\/schema.org","@graph":[{"@type":"Article","@id":"https:\/\/afi.conforturban-ct.ro\/en\/2022\/10\/28\/pietele-si-parcurile-de-distractie-administrate-de-afi-s-r-l-isi-modifica-programul-de-functionare\/#article","isPartOf":{"@id":"https:\/\/afi.conforturban-ct.ro\/en\/2022\/10\/28\/pietele-si-parcurile-de-distractie-administrate-de-afi-s-r-l-isi-modifica-programul-de-functionare\/"},"author":{"name":"","@id":"https:\/\/afi.conforturban-ct.ro\/#\/schema\/person\/d450300ba18fec81da729749df76fe7f"},"headline":"PIE\u021aELE \u0218I PARCURILE DE DISTRAC\u021aIE ADMINISTRATE DE AFI S.R.L. \u00ce\u0218I MODIFIC\u0102 PROGRAMUL DE FUNC\u021aIONARE","datePublished":"2022-10-28T11:49:28+00:00","mainEntityOfPage":{"@id":"https:\/\/afi.conforturban-ct.ro\/en\/2022\/10\/28\/pietele-si-parcurile-de-distractie-administrate-de-afi-s-r-l-isi-modifica-programul-de-functionare\/"},"wordCount":137,"publisher":{"@id":"https:\/\/afi.conforturban-ct.ro\/#organization"},"image":{"@id":"https:\/\/afi.conforturban-ct.ro\/en\/2022\/10\/28\/pietele-si-parcurile-de-distractie-administrate-de-afi-s-r-l-isi-modifica-programul-de-functionare\/#primaryimage"},"thumbnailUrl":"http:\/\/afi.conforturban-ct.ro\/wp-content\/uploads\/2022\/10\/ora-iarna-2.jpg","articleSection":["Comunicate de pres\u0103"],"inLanguage":"en-US"},{"@type":"WebPage","@id":"https:\/\/afi.conforturban-ct.ro\/en\/2022\/10\/28\/pietele-si-parcurile-de-distractie-administrate-de-afi-s-r-l-isi-modifica-programul-de-functionare\/","url":"https:\/\/afi.conforturban-ct.ro\/en\/2022\/10\/28\/pietele-si-parcurile-de-distractie-administrate-de-afi-s-r-l-isi-modifica-programul-de-functionare\/","name":"PIE\u021aELE \u0218I PARCURILE DE DISTRAC\u021aIE ADMINISTRATE DE AFI S.R.L. \u00ce\u0218I MODIFIC\u0102 PROGRAMUL DE FUNC\u021aIONARE - Administra\u021bia Fondului Imobiliar","isPartOf":{"@id":"https:\/\/afi.conforturban-ct.ro\/#website"},"primaryImageOfPage":{"@id":"https:\/\/afi.conforturban-ct.ro\/en\/2022\/10\/28\/pietele-si-parcurile-de-distractie-administrate-de-afi-s-r-l-isi-modifica-programul-de-functionare\/#primaryimage"},"image":{"@id":"https:\/\/afi.conforturban-ct.ro\/en\/2022\/10\/28\/pietele-si-parcurile-de-distractie-administrate-de-afi-s-r-l-isi-modifica-programul-de-functionare\/#primaryimage"},"thumbnailUrl":"http:\/\/afi.conforturban-ct.ro\/wp-content\/uploads\/2022\/10\/ora-iarna-2.jpg","datePublished":"2022-10-28T11:49:28+00:00","inLanguage":"en-US","potentialAction":[{"@type":"ReadAction","target":["https:\/\/afi.conforturban-ct.ro\/en\/2022\/10\/28\/pietele-si-parcurile-de-distractie-administrate-de-afi-s-r-l-isi-modifica-programul-de-functionare\/"]}]},{"@type":"ImageObject","inLanguage":"en-US","@id":"https:\/\/afi.conforturban-ct.ro\/en\/2022\/10\/28\/pietele-si-parcurile-de-distractie-administrate-de-afi-s-r-l-isi-modifica-programul-de-functionare\/#primaryimage","url":"http:\/\/afi.conforturban-ct.ro\/wp-content\/uploads\/2022\/10\/ora-iarna-2.jpg","contentUrl":"http:\/\/afi.conforturban-ct.ro\/wp-content\/uploads\/2022\/10\/ora-iarna-2.jpg","width":1600,"height":1200},{"@type":"WebSite","@id":"https:\/\/afi.conforturban-ct.ro\/#website","url":"https:\/\/afi.conforturban-ct.ro\/","name":"Administra\u021bia Fondului Imobiliar","description":"Administra\u021bia Fondului Imobiliar","publisher":{"@id":"https:\/\/afi.conforturban-ct.ro\/#organization"},"potentialAction":[{"@type":"SearchAction","target":{"@type":"EntryPoint","urlTemplate":"https:\/\/afi.conforturban-ct.ro\/?s={search_term_string}"},"query-input":{"@type":"PropertyValueSpecification","valueRequired":true,"valueName":"search_term_string"}}],"inLanguage":"en-US"},{"@type":"Organization","@id":"https:\/\/afi.conforturban-ct.ro\/#organization","name":"Administra\u021bia Fondului Imobiliar","url":"https:\/\/afi.conforturban-ct.ro\/","logo":{"@type":"ImageObject","inLanguage":"en-US","@id":"https:\/\/afi.conforturban-ct.ro\/#\/schema\/logo\/image\/","url":"http:\/\/afi.conforturban-ct.ro\/wp-content\/uploads\/2022\/11\/Administratia-fondului-imobiliar-2.png","contentUrl":"http:\/\/afi.conforturban-ct.ro\/wp-content\/uploads\/2022\/11\/Administratia-fondului-imobiliar-2.png","width":500,"height":39,"caption":"Administra\u021bia Fondului Imobiliar"},"image":{"@id":"https:\/\/afi.conforturban-ct.ro\/#\/schema\/logo\/image\/"}},{"@type":"Person","@id":"https:\/\/afi.conforturban-ct.ro\/#\/schema\/person\/d450300ba18fec81da729749df76fe7f","name":"","image":{"@type":"ImageObject","inLanguage":"en-US","@id":"https:\/\/afi.conforturban-ct.ro\/#\/schema\/person\/image\/","url":"https:\/\/secure.gravatar.com\/avatar\/62d033dbc1e11e7fd1ae59b64dbd7571cba60a2b19dc58f6da87f98094558e4b?s=96&d=mm&r=g","contentUrl":"https:\/\/secure.gravatar.com\/avatar\/62d033dbc1e11e7fd1ae59b64dbd7571cba60a2b19dc58f6da87f98094558e4b?s=96&d=mm&r=g"},"url":"http:\/\/afi.conforturban-ct.ro\/en\/author\/"}]}},"_links":{"self":[{"href":"http:\/\/afi.conforturban-ct.ro\/en\/wp-json\/wp\/v2\/posts\/41640","targetHints":{"allow":["GET"]}}],"collection":[{"href":"http:\/\/afi.conforturban-ct.ro\/en\/wp-json\/wp\/v2\/posts"}],"about":[{"href":"http:\/\/afi.conforturban-ct.ro\/en\/wp-json\/wp\/v2\/types\/post"}],"author":[{"embeddable":true,"href":"http:\/\/afi.conforturban-ct.ro\/en\/wp-json\/wp\/v2\/users\/6"}],"replies":[{"embeddable":true,"href":"http:\/\/afi.conforturban-ct.ro\/en\/wp-json\/wp\/v2\/comments?post=41640"}],"version-history":[{"count":1,"href":"http:\/\/afi.conforturban-ct.ro\/en\/wp-json\/wp\/v2\/posts\/41640\/revisions"}],"predecessor-version":[{"id":41642,"href":"http:\/\/afi.conforturban-ct.ro\/en\/wp-json\/wp\/v2\/posts\/41640\/revisions\/41642"}],"wp:featuredmedia":[{"embeddable":true,"href":"http:\/\/afi.conforturban-ct.ro\/en\/wp-json\/wp\/v2\/media\/41641"}],"wp:attachment":[{"href":"http:\/\/afi.conforturban-ct.ro\/en\/wp-json\/wp\/v2\/media?parent=41640"}],"wp:term":[{"taxonomy":"category","embeddable":true,"href":"http:\/\/afi.conforturban-ct.ro\/en\/wp-json\/wp\/v2\/categories?post=41640"},{"taxonomy":"post_tag","embeddable":true,"href":"http:\/\/afi.conforturban-ct.ro\/en\/wp-json\/wp\/v2\/tags?post=41640"}],"curies":[{"name":"wp","href":"https:\/\/api.w.org\/{rel}","templated":true}]}}