{"id":40162,"date":"2021-04-27T15:25:51","date_gmt":"2021-04-27T12:25:51","guid":{"rendered":"https:\/\/raedpp-constanta.ro\/?p=40162"},"modified":"2021-09-10T16:26:00","modified_gmt":"2021-09-10T13:26:00","slug":"programul-pietelor-si-al-casieriilor-in-perioada-sarbatorilor-pascale","status":"publish","type":"post","link":"https:\/\/afi.conforturban-ct.ro\/en\/2021\/04\/27\/programul-pietelor-si-al-casieriilor-in-perioada-sarbatorilor-pascale\/","title":{"rendered":"PROGRAMUL PIE\u021aELOR \u0218I AL CASIERIILOR \u00ceN PERIOADA S\u0102RB\u0102TORILOR PASCALE"},"content":{"rendered":"<p>\u00cen perioada S\u0103rb\u0103torilor de Pa\u0219te \u0219i 1 Mai, pie\u021bele agroalimentare administrate de Regia Autonom\u0103 \u201eExploatarea Domeniului Public \u0219i Privat\u201d Constan\u021ba vor func\u021biona dup\u0103 urm\u0103torul program:<\/p>\n<ul>\n<li>Vineri&nbsp; &nbsp; &nbsp; &nbsp; &nbsp; &nbsp; &nbsp; &nbsp; &nbsp; &nbsp; &nbsp; &nbsp; &nbsp;30 aprilie 2021 \u2013 PROGRAM NORMAL (07:00 \u2013 20:00)<\/li>\n<li>S\u00e2mb\u0103t\u0103&nbsp; &nbsp; &nbsp; &nbsp; &nbsp; &nbsp; &nbsp; &nbsp; &nbsp; &nbsp; 01 mai 2021 \u2013 07:00 \u2013 19:00<\/li>\n<li>Duminic\u0103&nbsp;&nbsp;&nbsp;&nbsp; &nbsp;&nbsp;&nbsp;&nbsp;&nbsp;&nbsp;&nbsp;&nbsp;&nbsp;&nbsp;&nbsp;&nbsp; 02 mai 2021 \u2013 \u00ceNCHIS<\/li>\n<li>Luni&nbsp; &nbsp; &nbsp; &nbsp; &nbsp; &nbsp; &nbsp; &nbsp; &nbsp; &nbsp; &nbsp; &nbsp; &nbsp; &nbsp;03 mai 2021 \u2013 07:00 \u2013 13:00<\/li>\n<li>Mar\u021bi&nbsp; &nbsp; &nbsp; &nbsp; &nbsp; &nbsp; &nbsp; &nbsp; &nbsp; &nbsp; &nbsp; &nbsp; &nbsp;04 mai 2021 \u2013 PROGRAM NORMAL (07:00 \u2013 20:00)<\/li>\n<\/ul>\n<p>&nbsp;<\/p>\n<p>\u00cen perioada 30 aprilie \u2013 03 mai 2021, casieriile \u0219i Registratura RAEDPP vor fi \u00eenchise. Pentru efectuarea pl\u0103\u021bilor, RAEDPP pune la dispozi\u021bia chiria\u0219ilor \u0219i colaboratorilor metoda de virament bancar. Pentru efectuarea corect\u0103 a pl\u0103\u021bii, este necesar s\u0103 specifica\u021bi detaliile pl\u0103\u021bii (pentru ce este executat transferul: ex: plata chirie luna 02). Pl\u0103\u021bile pot fi f\u0103cute \u00een urm\u0103torul cont: Beneficiar: Exploatarea Domeniului Public \u0219i Privat RA; CUI: RO 2746784; IBAN: RO04BTRL01401202696755XX; BANCA TRANSILVANIA CONSTANTA.<\/p>\n<p>\u00cencep\u00e2nd de mar\u021bi, 04 mai 2021, casieriile \u0219i Registratura \u00ee\u0219i vor relua programul normal de lucru (program 08:30 \u2013 15:00).<\/p>\n<ul>\n<li>Vineri, s\u00e2mb\u0103t\u0103, duminic\u0103, luni&nbsp; &nbsp; 30 aprilie \u2013 03 mai 2021 \u2013 \u00ceNCHIS<\/li>\n<li>Mar\u021bi&nbsp; &nbsp; &nbsp; &nbsp; &nbsp; &nbsp; &nbsp; &nbsp; &nbsp; &nbsp; &nbsp; &nbsp; &nbsp; &nbsp; &nbsp; &nbsp; &nbsp; &nbsp; &nbsp; &nbsp; &nbsp; &nbsp; &nbsp; &nbsp; &nbsp; &nbsp;04 mai 2021 \u2013 PROGRAM NORMAL<\/li>\n<\/ul>","protected":false},"excerpt":{"rendered":"<p>\u00cen perioada S\u0103rb\u0103torilor de Pa\u0219te \u0219i 1 Mai, pie\u021bele agroalimentare administrate de Regia Autonom\u0103 \u201eExploatarea Domeniului Public \u0219i Privat\u201d Constan\u021ba vor func\u021biona dup\u0103 urm\u0103torul program: Vineri&nbsp; &nbsp; &nbsp; &nbsp; &nbsp; &nbsp; &nbsp; &nbsp; &nbsp; &nbsp; &nbsp; &nbsp; &nbsp;30 aprilie 2021 \u2013 PROGRAM NORMAL (07:00 \u2013 20:00) S\u00e2mb\u0103t\u0103&nbsp; &nbsp; &nbsp; &nbsp; &nbsp; &nbsp; &nbsp; &nbsp; &nbsp;&hellip;<\/p>","protected":false},"author":6,"featured_media":0,"comment_status":"closed","ping_status":"closed","sticky":false,"template":"","format":"standard","meta":{"footnotes":""},"categories":[1],"tags":[],"class_list":["post-40162","post","type-post","status-publish","format-standard","hentry","category-anunturi-diverse","category-1","description-off"],"yoast_head":"<!-- This site is optimized with the Yoast SEO plugin v25.6 - https:\/\/yoast.com\/wordpress\/plugins\/seo\/ -->\n<title>PROGRAMUL PIE\u021aELOR \u0218I AL CASIERIILOR \u00ceN PERIOADA S\u0102RB\u0102TORILOR PASCALE - Administra\u021bia Fondului Imobiliar<\/title>\n<meta name=\"robots\" content=\"index, follow, max-snippet:-1, max-image-preview:large, max-video-preview:-1\" \/>\n<link rel=\"canonical\" href=\"https:\/\/afi.conforturban-ct.ro\/en\/2021\/04\/27\/programul-pietelor-si-al-casieriilor-in-perioada-sarbatorilor-pascale\/\" \/>\n<meta property=\"og:locale\" content=\"en_US\" \/>\n<meta property=\"og:type\" content=\"article\" \/>\n<meta property=\"og:title\" content=\"PROGRAMUL PIE\u021aELOR \u0218I AL CASIERIILOR \u00ceN PERIOADA S\u0102RB\u0102TORILOR PASCALE - Administra\u021bia Fondului Imobiliar\" \/>\n<meta property=\"og:description\" content=\"\u00cen perioada S\u0103rb\u0103torilor de Pa\u0219te \u0219i 1 Mai, pie\u021bele agroalimentare administrate de Regia Autonom\u0103 \u201eExploatarea Domeniului Public \u0219i Privat\u201d Constan\u021ba vor func\u021biona dup\u0103 urm\u0103torul program: Vineri&nbsp; &nbsp; &nbsp; &nbsp; &nbsp; &nbsp; &nbsp; &nbsp; &nbsp; &nbsp; &nbsp; &nbsp; &nbsp;30 aprilie 2021 \u2013 PROGRAM NORMAL (07:00 \u2013 20:00) S\u00e2mb\u0103t\u0103&nbsp; &nbsp; &nbsp; &nbsp; &nbsp; &nbsp; &nbsp; &nbsp; &nbsp;&hellip;\" \/>\n<meta property=\"og:url\" content=\"https:\/\/afi.conforturban-ct.ro\/en\/2021\/04\/27\/programul-pietelor-si-al-casieriilor-in-perioada-sarbatorilor-pascale\/\" \/>\n<meta property=\"og:site_name\" content=\"Administra\u021bia Fondului Imobiliar\" \/>\n<meta property=\"article:published_time\" content=\"2021-04-27T12:25:51+00:00\" \/>\n<meta property=\"article:modified_time\" content=\"2021-09-10T13:26:00+00:00\" \/>\n<meta name=\"twitter:card\" content=\"summary_large_image\" \/>\n<meta name=\"twitter:label1\" content=\"Written by\" \/>\n\t<meta name=\"twitter:data1\" content=\"\" \/>\n\t<meta name=\"twitter:label2\" content=\"Est. reading time\" \/>\n\t<meta name=\"twitter:data2\" content=\"1 minute\" \/>\n<script type=\"application\/ld+json\" class=\"yoast-schema-graph\">{\"@context\":\"https:\/\/schema.org\",\"@graph\":[{\"@type\":\"Article\",\"@id\":\"https:\/\/afi.conforturban-ct.ro\/en\/2021\/04\/27\/programul-pietelor-si-al-casieriilor-in-perioada-sarbatorilor-pascale\/#article\",\"isPartOf\":{\"@id\":\"https:\/\/afi.conforturban-ct.ro\/en\/2021\/04\/27\/programul-pietelor-si-al-casieriilor-in-perioada-sarbatorilor-pascale\/\"},\"author\":{\"name\":\"\",\"@id\":\"http:\/\/afi.conforturban-ct.ro\/#\/schema\/person\/d450300ba18fec81da729749df76fe7f\"},\"headline\":\"PROGRAMUL PIE\u021aELOR \u0218I AL CASIERIILOR \u00ceN PERIOADA S\u0102RB\u0102TORILOR PASCALE\",\"datePublished\":\"2021-04-27T12:25:51+00:00\",\"dateModified\":\"2021-09-10T13:26:00+00:00\",\"mainEntityOfPage\":{\"@id\":\"https:\/\/afi.conforturban-ct.ro\/en\/2021\/04\/27\/programul-pietelor-si-al-casieriilor-in-perioada-sarbatorilor-pascale\/\"},\"wordCount\":264,\"publisher\":{\"@id\":\"http:\/\/afi.conforturban-ct.ro\/#organization\"},\"articleSection\":[\"Anun\u021buri diverse\"],\"inLanguage\":\"en-US\"},{\"@type\":\"WebPage\",\"@id\":\"https:\/\/afi.conforturban-ct.ro\/en\/2021\/04\/27\/programul-pietelor-si-al-casieriilor-in-perioada-sarbatorilor-pascale\/\",\"url\":\"https:\/\/afi.conforturban-ct.ro\/en\/2021\/04\/27\/programul-pietelor-si-al-casieriilor-in-perioada-sarbatorilor-pascale\/\",\"name\":\"PROGRAMUL PIE\u021aELOR \u0218I AL CASIERIILOR \u00ceN PERIOADA S\u0102RB\u0102TORILOR PASCALE - Administra\u021bia Fondului Imobiliar\",\"isPartOf\":{\"@id\":\"http:\/\/afi.conforturban-ct.ro\/#website\"},\"datePublished\":\"2021-04-27T12:25:51+00:00\",\"dateModified\":\"2021-09-10T13:26:00+00:00\",\"inLanguage\":\"en-US\",\"potentialAction\":[{\"@type\":\"ReadAction\",\"target\":[\"https:\/\/afi.conforturban-ct.ro\/en\/2021\/04\/27\/programul-pietelor-si-al-casieriilor-in-perioada-sarbatorilor-pascale\/\"]}]},{\"@type\":\"WebSite\",\"@id\":\"http:\/\/afi.conforturban-ct.ro\/#website\",\"url\":\"http:\/\/afi.conforturban-ct.ro\/\",\"name\":\"Administra\u021bia Fondului Imobiliar\",\"description\":\"Administra\u021bia Fondului Imobiliar\",\"publisher\":{\"@id\":\"http:\/\/afi.conforturban-ct.ro\/#organization\"},\"potentialAction\":[{\"@type\":\"SearchAction\",\"target\":{\"@type\":\"EntryPoint\",\"urlTemplate\":\"http:\/\/afi.conforturban-ct.ro\/?s={search_term_string}\"},\"query-input\":{\"@type\":\"PropertyValueSpecification\",\"valueRequired\":true,\"valueName\":\"search_term_string\"}}],\"inLanguage\":\"en-US\"},{\"@type\":\"Organization\",\"@id\":\"http:\/\/afi.conforturban-ct.ro\/#organization\",\"name\":\"Administra\u021bia Fondului Imobiliar\",\"url\":\"http:\/\/afi.conforturban-ct.ro\/\",\"logo\":{\"@type\":\"ImageObject\",\"inLanguage\":\"en-US\",\"@id\":\"http:\/\/afi.conforturban-ct.ro\/#\/schema\/logo\/image\/\",\"url\":\"https:\/\/afi.conforturban-ct.ro\/wp-content\/uploads\/2022\/11\/Administratia-fondului-imobiliar-2.png\",\"contentUrl\":\"https:\/\/afi.conforturban-ct.ro\/wp-content\/uploads\/2022\/11\/Administratia-fondului-imobiliar-2.png\",\"width\":500,\"height\":39,\"caption\":\"Administra\u021bia Fondului Imobiliar\"},\"image\":{\"@id\":\"http:\/\/afi.conforturban-ct.ro\/#\/schema\/logo\/image\/\"}},{\"@type\":\"Person\",\"@id\":\"http:\/\/afi.conforturban-ct.ro\/#\/schema\/person\/d450300ba18fec81da729749df76fe7f\",\"name\":\"\",\"image\":{\"@type\":\"ImageObject\",\"inLanguage\":\"en-US\",\"@id\":\"http:\/\/afi.conforturban-ct.ro\/#\/schema\/person\/image\/\",\"url\":\"https:\/\/secure.gravatar.com\/avatar\/62d033dbc1e11e7fd1ae59b64dbd7571cba60a2b19dc58f6da87f98094558e4b?s=96&d=mm&r=g\",\"contentUrl\":\"https:\/\/secure.gravatar.com\/avatar\/62d033dbc1e11e7fd1ae59b64dbd7571cba60a2b19dc58f6da87f98094558e4b?s=96&d=mm&r=g\"},\"url\":\"https:\/\/afi.conforturban-ct.ro\/en\/author\/\"}]}<\/script>\n<!-- \/ Yoast SEO plugin. -->","yoast_head_json":{"title":"PROGRAMUL PIE\u021aELOR \u0218I AL CASIERIILOR \u00ceN PERIOADA S\u0102RB\u0102TORILOR PASCALE - Administra\u021bia Fondului Imobiliar","robots":{"index":"index","follow":"follow","max-snippet":"max-snippet:-1","max-image-preview":"max-image-preview:large","max-video-preview":"max-video-preview:-1"},"canonical":"https:\/\/afi.conforturban-ct.ro\/en\/2021\/04\/27\/programul-pietelor-si-al-casieriilor-in-perioada-sarbatorilor-pascale\/","og_locale":"en_US","og_type":"article","og_title":"PROGRAMUL PIE\u021aELOR \u0218I AL CASIERIILOR \u00ceN PERIOADA S\u0102RB\u0102TORILOR PASCALE - Administra\u021bia Fondului Imobiliar","og_description":"\u00cen perioada S\u0103rb\u0103torilor de Pa\u0219te \u0219i 1 Mai, pie\u021bele agroalimentare administrate de Regia Autonom\u0103 \u201eExploatarea Domeniului Public \u0219i Privat\u201d Constan\u021ba vor func\u021biona dup\u0103 urm\u0103torul program: Vineri&nbsp; &nbsp; &nbsp; &nbsp; &nbsp; &nbsp; &nbsp; &nbsp; &nbsp; &nbsp; &nbsp; &nbsp; &nbsp;30 aprilie 2021 \u2013 PROGRAM NORMAL (07:00 \u2013 20:00) S\u00e2mb\u0103t\u0103&nbsp; &nbsp; &nbsp; &nbsp; &nbsp; &nbsp; &nbsp; &nbsp; &nbsp;&hellip;","og_url":"https:\/\/afi.conforturban-ct.ro\/en\/2021\/04\/27\/programul-pietelor-si-al-casieriilor-in-perioada-sarbatorilor-pascale\/","og_site_name":"Administra\u021bia Fondului Imobiliar","article_published_time":"2021-04-27T12:25:51+00:00","article_modified_time":"2021-09-10T13:26:00+00:00","twitter_card":"summary_large_image","twitter_misc":{"Written by":"","Est. reading time":"1 minute"},"schema":{"@context":"https:\/\/schema.org","@graph":[{"@type":"Article","@id":"https:\/\/afi.conforturban-ct.ro\/en\/2021\/04\/27\/programul-pietelor-si-al-casieriilor-in-perioada-sarbatorilor-pascale\/#article","isPartOf":{"@id":"https:\/\/afi.conforturban-ct.ro\/en\/2021\/04\/27\/programul-pietelor-si-al-casieriilor-in-perioada-sarbatorilor-pascale\/"},"author":{"name":"","@id":"http:\/\/afi.conforturban-ct.ro\/#\/schema\/person\/d450300ba18fec81da729749df76fe7f"},"headline":"PROGRAMUL PIE\u021aELOR \u0218I AL CASIERIILOR \u00ceN PERIOADA S\u0102RB\u0102TORILOR PASCALE","datePublished":"2021-04-27T12:25:51+00:00","dateModified":"2021-09-10T13:26:00+00:00","mainEntityOfPage":{"@id":"https:\/\/afi.conforturban-ct.ro\/en\/2021\/04\/27\/programul-pietelor-si-al-casieriilor-in-perioada-sarbatorilor-pascale\/"},"wordCount":264,"publisher":{"@id":"http:\/\/afi.conforturban-ct.ro\/#organization"},"articleSection":["Anun\u021buri diverse"],"inLanguage":"en-US"},{"@type":"WebPage","@id":"https:\/\/afi.conforturban-ct.ro\/en\/2021\/04\/27\/programul-pietelor-si-al-casieriilor-in-perioada-sarbatorilor-pascale\/","url":"https:\/\/afi.conforturban-ct.ro\/en\/2021\/04\/27\/programul-pietelor-si-al-casieriilor-in-perioada-sarbatorilor-pascale\/","name":"PROGRAMUL PIE\u021aELOR \u0218I AL CASIERIILOR \u00ceN PERIOADA S\u0102RB\u0102TORILOR PASCALE - Administra\u021bia Fondului Imobiliar","isPartOf":{"@id":"http:\/\/afi.conforturban-ct.ro\/#website"},"datePublished":"2021-04-27T12:25:51+00:00","dateModified":"2021-09-10T13:26:00+00:00","inLanguage":"en-US","potentialAction":[{"@type":"ReadAction","target":["https:\/\/afi.conforturban-ct.ro\/en\/2021\/04\/27\/programul-pietelor-si-al-casieriilor-in-perioada-sarbatorilor-pascale\/"]}]},{"@type":"WebSite","@id":"http:\/\/afi.conforturban-ct.ro\/#website","url":"http:\/\/afi.conforturban-ct.ro\/","name":"Administra\u021bia Fondului Imobiliar","description":"Administra\u021bia Fondului Imobiliar","publisher":{"@id":"http:\/\/afi.conforturban-ct.ro\/#organization"},"potentialAction":[{"@type":"SearchAction","target":{"@type":"EntryPoint","urlTemplate":"http:\/\/afi.conforturban-ct.ro\/?s={search_term_string}"},"query-input":{"@type":"PropertyValueSpecification","valueRequired":true,"valueName":"search_term_string"}}],"inLanguage":"en-US"},{"@type":"Organization","@id":"http:\/\/afi.conforturban-ct.ro\/#organization","name":"Administra\u021bia Fondului Imobiliar","url":"http:\/\/afi.conforturban-ct.ro\/","logo":{"@type":"ImageObject","inLanguage":"en-US","@id":"http:\/\/afi.conforturban-ct.ro\/#\/schema\/logo\/image\/","url":"https:\/\/afi.conforturban-ct.ro\/wp-content\/uploads\/2022\/11\/Administratia-fondului-imobiliar-2.png","contentUrl":"https:\/\/afi.conforturban-ct.ro\/wp-content\/uploads\/2022\/11\/Administratia-fondului-imobiliar-2.png","width":500,"height":39,"caption":"Administra\u021bia Fondului Imobiliar"},"image":{"@id":"http:\/\/afi.conforturban-ct.ro\/#\/schema\/logo\/image\/"}},{"@type":"Person","@id":"http:\/\/afi.conforturban-ct.ro\/#\/schema\/person\/d450300ba18fec81da729749df76fe7f","name":"","image":{"@type":"ImageObject","inLanguage":"en-US","@id":"http:\/\/afi.conforturban-ct.ro\/#\/schema\/person\/image\/","url":"https:\/\/secure.gravatar.com\/avatar\/62d033dbc1e11e7fd1ae59b64dbd7571cba60a2b19dc58f6da87f98094558e4b?s=96&d=mm&r=g","contentUrl":"https:\/\/secure.gravatar.com\/avatar\/62d033dbc1e11e7fd1ae59b64dbd7571cba60a2b19dc58f6da87f98094558e4b?s=96&d=mm&r=g"},"url":"https:\/\/afi.conforturban-ct.ro\/en\/author\/"}]}},"_links":{"self":[{"href":"https:\/\/afi.conforturban-ct.ro\/en\/wp-json\/wp\/v2\/posts\/40162","targetHints":{"allow":["GET"]}}],"collection":[{"href":"https:\/\/afi.conforturban-ct.ro\/en\/wp-json\/wp\/v2\/posts"}],"about":[{"href":"https:\/\/afi.conforturban-ct.ro\/en\/wp-json\/wp\/v2\/types\/post"}],"author":[{"embeddable":true,"href":"https:\/\/afi.conforturban-ct.ro\/en\/wp-json\/wp\/v2\/users\/6"}],"replies":[{"embeddable":true,"href":"https:\/\/afi.conforturban-ct.ro\/en\/wp-json\/wp\/v2\/comments?post=40162"}],"version-history":[{"count":1,"href":"https:\/\/afi.conforturban-ct.ro\/en\/wp-json\/wp\/v2\/posts\/40162\/revisions"}],"predecessor-version":[{"id":40163,"href":"https:\/\/afi.conforturban-ct.ro\/en\/wp-json\/wp\/v2\/posts\/40162\/revisions\/40163"}],"wp:attachment":[{"href":"https:\/\/afi.conforturban-ct.ro\/en\/wp-json\/wp\/v2\/media?parent=40162"}],"wp:term":[{"taxonomy":"category","embeddable":true,"href":"https:\/\/afi.conforturban-ct.ro\/en\/wp-json\/wp\/v2\/categories?post=40162"},{"taxonomy":"post_tag","embeddable":true,"href":"https:\/\/afi.conforturban-ct.ro\/en\/wp-json\/wp\/v2\/tags?post=40162"}],"curies":[{"name":"wp","href":"https:\/\/api.w.org\/{rel}","templated":true}]}}