{"id":41040,"date":"2021-10-28T11:24:32","date_gmt":"2021-10-28T08:24:32","guid":{"rendered":"https:\/\/raedpp-constanta.ro\/?p=41040"},"modified":"2021-10-28T11:33:10","modified_gmt":"2021-10-28T08:33:10","slug":"bazarul-stefanita-voda","status":"publish","type":"post","link":"https:\/\/afi.conforturban-ct.ro\/en\/2021\/10\/28\/bazarul-stefanita-voda\/","title":{"rendered":"BAZARUL STEFANITA VODA"},"content":{"rendered":"<div data-elementor-type=\"wp-post\" data-elementor-id=\"41040\" class=\"elementor elementor-41040\" data-elementor-post-type=\"post\">\n\t\t\t\t\t\t<section class=\"elementor-section elementor-top-section elementor-element elementor-element-263a194 elementor-section-boxed elementor-section-height-default elementor-section-height-default\" data-id=\"263a194\" data-element_type=\"section\">\n\t\t\t\t\t\t<div class=\"elementor-container elementor-column-gap-default\">\n\t\t\t\t\t<div class=\"elementor-column elementor-col-100 elementor-top-column elementor-element elementor-element-771f3c0\" data-id=\"771f3c0\" data-element_type=\"column\">\n\t\t\t<div class=\"elementor-widget-wrap elementor-element-populated\">\n\t\t\t\t\t\t<div class=\"elementor-element elementor-element-913bed8 elementor-widget elementor-widget-text-editor\" data-id=\"913bed8\" data-element_type=\"widget\" data-widget_type=\"text-editor.default\">\n\t\t\t\t<div class=\"elementor-widget-container\">\n\t\t\t\t\t\t\tRegia Autonom\u0103 \u201eExploatarea Domeniului Public \u0219i Privat\u201d Constan\u021ba a f\u0103cut primii pa\u0219i \u00een conturarea profilului unei viitoare investi\u021bii pe strada Soveja intersec\u021bie cu strada \u0218tef\u0103ni\u021b\u0103 Vod\u0103 \u2013 Bazarul \u0218tef\u0103ni\u021b\u0103 Vod\u0103. Zilele trecute au fost finalizate documenta\u0163ia cadastral\u0103 \u015fi intabularea, fiind depus\u0103 totodat\u0103 cererea pentru emiterea certificatului de urbanism, \u00een vederea desfiin\u021b\u0103rii structurii.<\/p><p style=\"font-weight: 400;\">Pentru a-i consulta pe to\u021bi cei interesa\u021bi, RAEDPP a creat un chestionar online, care poate fi completat acces\u00e2nd site-ul\u00a0<a href=\"http:\/\/www.raedpp-constanta.ro\/\" data-saferedirecturl=\"https:\/\/www.google.com\/url?q=http:\/\/www.raedpp-constanta.ro&#038;source=gmail&#038;ust=1634736485827000&#038;usg=AFQjCNGxhyQwLf82LzhAW9WLXrbl_7BODw\">www.raedpp-constanta.ro<\/a>\u00a0. De asemenea, exemplare tip\u0103rite ale chestionarului pot fi solicitate de c\u0103tre orice cet\u0103\u021bean interesat, la sediul Regiei din b-dul Tomis nr. 101, etaj 1 \u2013 Registratur\u0103. \u00cen urma rezultatelor chestionarului, Regia va propune Autorit\u0103\u021bii tutelare lansarea \u00een dezbatere public\u0103 a unui proiect prin care se va realiza cea mai bun\u0103 investi\u021bie pentru comunitate, care s\u0103 poat\u0103 duce la cre\u0219terea calit\u0103\u021bii vie\u021bii locuitorilor din cartierele \u00eenvecinate.<\/p><p style=\"font-weight: 400;\">\u00cen prezent spa\u021biile cl\u0103dirii sunt insalubre, RAEDPP Constan\u021ba afl\u00e2ndu-se \u00een imposibilitatea de a \u00eencheia contracte pentru desf\u0103\u0219urarea de activit\u0103\u021bi economice din cauza stadiului avansat de deteriorare \u00een care se afl\u0103. Regia a procedat \u00een luna august 2021 la protejarea cu mesh-uri perimetrale a imobilului, dup\u0103 ce \u00een septembrie 2020, contractele de asociere \u00eencheiate de Regie cu agen\u021bii economici care \u00ee\u0219i desf\u0103\u0219urau activitatea \u00een incint\u0103 au \u00eencetat prin ajungere la termen.<\/p><p style=\"font-weight: 400;\">Bazarul \u0218tef\u0103ni\u021b\u0103 Vod\u0103 a fost edificat pe terenul situat pe strada Soveja \u2013 intersec\u021bie cu strada \u0218tef\u0103ni\u021b\u0103 Vod\u0103, \u00een suprafa\u021b\u0103 de 3.350 mp, proprietate a Municipiului Constan\u021ba, administrat de RAEDPP Constan\u021ba conform HCLM nr. 349\/22.06.1995, art. 1, pct. 2, lit. d) \u0219i HCLM nr. 52\/05.03.1996, art. 1, inventariat \u00een domeniul privat al Municipiului Constan\u021ba \u00een baza HCLM 598\/22.10.2008.<\/p>\t\t\t\t\t\t<\/div>\n\t\t\t\t<\/div>\n\t\t\t\t\t<\/div>\n\t\t<\/div>\n\t\t\t\t\t<\/div>\n\t\t<\/section>\n\t\t\t\t<section class=\"elementor-section elementor-top-section elementor-element elementor-element-4a0a1c19 elementor-section-boxed elementor-section-height-default elementor-section-height-default\" data-id=\"4a0a1c19\" data-element_type=\"section\">\n\t\t\t\t\t\t<div class=\"elementor-container elementor-column-gap-default\">\n\t\t\t\t\t<div class=\"elementor-column elementor-col-100 elementor-top-column elementor-element elementor-element-608c4d43\" data-id=\"608c4d43\" data-element_type=\"column\">\n\t\t\t<div class=\"elementor-widget-wrap elementor-element-populated\">\n\t\t\t\t\t\t<div class=\"elementor-element elementor-element-45f12be elementor-widget elementor-widget-the7_photo-scroller\" data-id=\"45f12be\" data-element_type=\"widget\" data-widget_type=\"the7_photo-scroller.default\">\n\t\t\t\t<div class=\"elementor-widget-container\">\n\t\t\t\t\t<div class=\"photo-scroller the7_photo-scroller-45f12be fullscreen-on hide-thumbs\" data-scale=\"fill\" data-autoslide=\"false\" data-play-on-hover=\"false\" data-delay=\"0\" data-show-thumbnails=\"true\" data-thumb-position=\"inside-hidden\" data-thumb-height=\"60\" data-thumb-width=\"60\" data-thumb-space=\"5\" data-thumb-padding-top=\"5\" data-thumb-padding-bottom=\"5\" data-cntr-space-bottom=\"5\" data-transparency=\"0.15\" data-arrows=\"true\" data-arrows_tablet=\"true\" data-arrows_mobile=\"true\" data-next-icon=\"fas fa-chevron-right\" data-prev-icon=\"fas fa-chevron-left\" data-r-arrow-v-position=\"center\" data-r-arrow-h-position=\"right\" data-l-arrow-v-position=\"center\" data-l-arrow-h-position=\"left\" data-ls-fill-dt=\"fill\" data-ls-fill-tablet=\"fill\" data-pt-fill-dt=\"fit\" data-pt-fill-tablet=\"fit\" data-pt-fill-mob=\"fit\" data-ls-fill-mob=\"fill\" data-padding-top=\"0\" data-padding-bottom=\"0\" data-padding-side=\"0\" data-padding-left=\"0\" data-t-padding-top=\"0\" data-t-padding-bottom=\"0\" data-t-padding-side=\"0\" data-t-padding-left=\"0\" data-m-padding-top=\"0\" data-m-padding-bottom=\"0\" data-m-padding-side=\"0\" data-m-padding-left=\"0\" data-ls-max=\"100\" data-t-ls-max=\"100\" data-m-ls-max=\"100\" data-ls-min=\"0\" data-t-ls-min=\"0\" data-m-ls-min=\"0\" data-pt-max=\"100\" data-t-pt-max=\"100\" data-m-pt-max=\"100\" data-pt-min=\"0\" data-t-pt-min=\"0\" data-m-pt-min=\"0\" data-height=\"300\" data-tablet-height=\"300\" data-mobile-height=\"300\">\n\t\t\t<div class=\"photoSlider\">\n\t\t\t\t<figure data-width=\"792\" data-height=\"1408\"><a href=\" https:\/\/afi.conforturban-ct.ro\/wp-content\/uploads\/2021\/10\/bazar-stefanita-voda-2.jpeg \"<a class=\"post-thumbnail-rollover layzr-bg\" title=\"bazar stefanita voda 2\" aria-label=\"Post image\"><img fetchpriority=\"high\" decoding=\"async\" src=\"data:image\/svg+xml,%3Csvg%20xmlns%3D&#39;http%3A%2F%2Fwww.w3.org%2F2000%2Fsvg&#39;%20viewBox%3D&#39;0%200%20792%201408&#39;%2F%3E\" data-src=\"https:\/\/afi.conforturban-ct.ro\/wp-content\/uploads\/2021\/10\/bazar-stefanita-voda-2.jpeg\" data-srcset=\"https:\/\/afi.conforturban-ct.ro\/wp-content\/uploads\/2021\/10\/bazar-stefanita-voda-2.jpeg 792w\" loading=\"eager\" style=\"--ratio: 792 \/ 1408\" sizes=\"(max-width: 792px) 100vw, 792px\" class=\"preload-me photo-thumb-lazy-load aspect\" width=\"792\" height=\"1408\"  alt=\"\" title=\"bazar stefanita voda 2\" \/><\/a><\/a><\/figure><figure data-width=\"792\" data-height=\"1408\"><a href=\" https:\/\/afi.conforturban-ct.ro\/wp-content\/uploads\/2021\/10\/bazar-stefanita-voda-1.jpeg \"<a class=\"post-thumbnail-rollover layzr-bg\" title=\"bazar stefanita voda 1\" aria-label=\"Post image\"><img decoding=\"async\" src=\"data:image\/svg+xml,%3Csvg%20xmlns%3D&#39;http%3A%2F%2Fwww.w3.org%2F2000%2Fsvg&#39;%20viewBox%3D&#39;0%200%20792%201408&#39;%2F%3E\" data-src=\"https:\/\/afi.conforturban-ct.ro\/wp-content\/uploads\/2021\/10\/bazar-stefanita-voda-1.jpeg\" data-srcset=\"https:\/\/afi.conforturban-ct.ro\/wp-content\/uploads\/2021\/10\/bazar-stefanita-voda-1.jpeg 792w\" loading=\"eager\" style=\"--ratio: 792 \/ 1408\" sizes=\"(max-width: 792px) 100vw, 792px\" class=\"preload-me photo-thumb-lazy-load aspect\" width=\"792\" height=\"1408\"  alt=\"\" title=\"bazar stefanita voda 1\" \/><\/a><\/a><\/figure>\t\t\t<\/div>\n\t\t\t<div class=\"btn-cntr\">\n\t\t\t\t<a href=\"#\" class=\"hide-thumb-btn\"><\/a>\n\t\t\t\t<a href=\"#\" class=\"auto-play-btn\"><\/a>\n\t\t\t\t<a href=\"#\" class=\"full-screen-btn\"><\/a>\n\t\t\t<\/div>\n\t\t<\/div>\n\t\t\t\t<\/div>\n\t\t\t\t<\/div>\n\t\t\t\t\t<\/div>\n\t\t<\/div>\n\t\t\t\t\t<\/div>\n\t\t<\/section>\n\t\t\t\t<\/div>","protected":false},"excerpt":{"rendered":"<p>Regia Autonom\u0103 \u201eExploatarea Domeniului Public \u0219i Privat\u201d Constan\u021ba a f\u0103cut primii pa\u0219i \u00een conturarea profilului unei viitoare investi\u021bii pe strada Soveja intersec\u021bie cu strada \u0218tef\u0103ni\u021b\u0103 Vod\u0103 \u2013 Bazarul \u0218tef\u0103ni\u021b\u0103 Vod\u0103. Zilele trecute au fost finalizate documenta\u0163ia cadastral\u0103 \u015fi intabularea, fiind depus\u0103 totodat\u0103 cererea pentru emiterea certificatului de urbanism, \u00een vederea desfiin\u021b\u0103rii structurii. Pentru a-i consulta&hellip;<\/p>","protected":false},"author":6,"featured_media":0,"comment_status":"closed","ping_status":"closed","sticky":false,"template":"","format":"standard","meta":{"footnotes":""},"categories":[301],"tags":[],"class_list":["post-41040","post","type-post","status-publish","format-standard","hentry","category-comunicate-de-presa"],"yoast_head":"<!-- This site is optimized with the Yoast SEO plugin v25.6 - https:\/\/yoast.com\/wordpress\/plugins\/seo\/ -->\n<title>BAZARUL STEFANITA VODA - Administra\u021bia Fondului Imobiliar<\/title>\n<meta name=\"robots\" content=\"index, follow, max-snippet:-1, max-image-preview:large, max-video-preview:-1\" \/>\n<link rel=\"canonical\" href=\"http:\/\/afi.conforturban-ct.ro\/en\/2021\/10\/28\/bazarul-stefanita-voda\/\" \/>\n<meta property=\"og:locale\" content=\"en_US\" \/>\n<meta property=\"og:type\" content=\"article\" \/>\n<meta property=\"og:title\" content=\"BAZARUL STEFANITA VODA - Administra\u021bia Fondului Imobiliar\" \/>\n<meta property=\"og:description\" content=\"Regia Autonom\u0103 \u201eExploatarea Domeniului Public \u0219i Privat\u201d Constan\u021ba a f\u0103cut primii pa\u0219i \u00een conturarea profilului unei viitoare investi\u021bii pe strada Soveja intersec\u021bie cu strada \u0218tef\u0103ni\u021b\u0103 Vod\u0103 \u2013 Bazarul \u0218tef\u0103ni\u021b\u0103 Vod\u0103. Zilele trecute au fost finalizate documenta\u0163ia cadastral\u0103 \u015fi intabularea, fiind depus\u0103 totodat\u0103 cererea pentru emiterea certificatului de urbanism, \u00een vederea desfiin\u021b\u0103rii structurii. Pentru a-i consulta&hellip;\" \/>\n<meta property=\"og:url\" content=\"http:\/\/afi.conforturban-ct.ro\/en\/2021\/10\/28\/bazarul-stefanita-voda\/\" \/>\n<meta property=\"og:site_name\" content=\"Administra\u021bia Fondului Imobiliar\" \/>\n<meta property=\"article:published_time\" content=\"2021-10-28T08:24:32+00:00\" \/>\n<meta property=\"article:modified_time\" content=\"2021-10-28T08:33:10+00:00\" \/>\n<meta name=\"twitter:card\" content=\"summary_large_image\" \/>\n<meta name=\"twitter:label1\" content=\"Written by\" \/>\n\t<meta name=\"twitter:data1\" content=\"\" \/>\n\t<meta name=\"twitter:label2\" content=\"Est. reading time\" \/>\n\t<meta name=\"twitter:data2\" content=\"4 minutes\" \/>\n<script type=\"application\/ld+json\" class=\"yoast-schema-graph\">{\"@context\":\"https:\/\/schema.org\",\"@graph\":[{\"@type\":\"Article\",\"@id\":\"http:\/\/afi.conforturban-ct.ro\/2021\/10\/28\/bazarul-stefanita-voda\/#article\",\"isPartOf\":{\"@id\":\"http:\/\/afi.conforturban-ct.ro\/2021\/10\/28\/bazarul-stefanita-voda\/\"},\"author\":{\"name\":\"\",\"@id\":\"https:\/\/afi.conforturban-ct.ro\/#\/schema\/person\/d450300ba18fec81da729749df76fe7f\"},\"headline\":\"BAZARUL STEFANITA VODA\",\"datePublished\":\"2021-10-28T08:24:32+00:00\",\"dateModified\":\"2021-10-28T08:33:10+00:00\",\"mainEntityOfPage\":{\"@id\":\"http:\/\/afi.conforturban-ct.ro\/2021\/10\/28\/bazarul-stefanita-voda\/\"},\"wordCount\":290,\"publisher\":{\"@id\":\"https:\/\/afi.conforturban-ct.ro\/#organization\"},\"articleSection\":[\"Comunicate de pres\u0103\"],\"inLanguage\":\"en-US\"},{\"@type\":\"WebPage\",\"@id\":\"http:\/\/afi.conforturban-ct.ro\/2021\/10\/28\/bazarul-stefanita-voda\/\",\"url\":\"http:\/\/afi.conforturban-ct.ro\/2021\/10\/28\/bazarul-stefanita-voda\/\",\"name\":\"BAZARUL STEFANITA VODA - Administra\u021bia Fondului Imobiliar\",\"isPartOf\":{\"@id\":\"https:\/\/afi.conforturban-ct.ro\/#website\"},\"datePublished\":\"2021-10-28T08:24:32+00:00\",\"dateModified\":\"2021-10-28T08:33:10+00:00\",\"inLanguage\":\"en-US\",\"potentialAction\":[{\"@type\":\"ReadAction\",\"target\":[\"http:\/\/afi.conforturban-ct.ro\/2021\/10\/28\/bazarul-stefanita-voda\/\"]}]},{\"@type\":\"WebSite\",\"@id\":\"https:\/\/afi.conforturban-ct.ro\/#website\",\"url\":\"https:\/\/afi.conforturban-ct.ro\/\",\"name\":\"Administra\u021bia Fondului Imobiliar\",\"description\":\"Administra\u021bia Fondului Imobiliar\",\"publisher\":{\"@id\":\"https:\/\/afi.conforturban-ct.ro\/#organization\"},\"potentialAction\":[{\"@type\":\"SearchAction\",\"target\":{\"@type\":\"EntryPoint\",\"urlTemplate\":\"https:\/\/afi.conforturban-ct.ro\/?s={search_term_string}\"},\"query-input\":{\"@type\":\"PropertyValueSpecification\",\"valueRequired\":true,\"valueName\":\"search_term_string\"}}],\"inLanguage\":\"en-US\"},{\"@type\":\"Organization\",\"@id\":\"https:\/\/afi.conforturban-ct.ro\/#organization\",\"name\":\"Administra\u021bia Fondului Imobiliar\",\"url\":\"https:\/\/afi.conforturban-ct.ro\/\",\"logo\":{\"@type\":\"ImageObject\",\"inLanguage\":\"en-US\",\"@id\":\"https:\/\/afi.conforturban-ct.ro\/#\/schema\/logo\/image\/\",\"url\":\"https:\/\/afi.conforturban-ct.ro\/wp-content\/uploads\/2022\/11\/Administratia-fondului-imobiliar-2.png\",\"contentUrl\":\"https:\/\/afi.conforturban-ct.ro\/wp-content\/uploads\/2022\/11\/Administratia-fondului-imobiliar-2.png\",\"width\":500,\"height\":39,\"caption\":\"Administra\u021bia Fondului Imobiliar\"},\"image\":{\"@id\":\"https:\/\/afi.conforturban-ct.ro\/#\/schema\/logo\/image\/\"}},{\"@type\":\"Person\",\"@id\":\"https:\/\/afi.conforturban-ct.ro\/#\/schema\/person\/d450300ba18fec81da729749df76fe7f\",\"name\":\"\",\"image\":{\"@type\":\"ImageObject\",\"inLanguage\":\"en-US\",\"@id\":\"https:\/\/afi.conforturban-ct.ro\/#\/schema\/person\/image\/\",\"url\":\"https:\/\/secure.gravatar.com\/avatar\/62d033dbc1e11e7fd1ae59b64dbd7571cba60a2b19dc58f6da87f98094558e4b?s=96&d=mm&r=g\",\"contentUrl\":\"https:\/\/secure.gravatar.com\/avatar\/62d033dbc1e11e7fd1ae59b64dbd7571cba60a2b19dc58f6da87f98094558e4b?s=96&d=mm&r=g\"},\"url\":\"https:\/\/afi.conforturban-ct.ro\/en\/author\/\"}]}<\/script>\n<!-- \/ Yoast SEO plugin. -->","yoast_head_json":{"title":"BAZARUL STEFANITA VODA - Administra\u021bia Fondului Imobiliar","robots":{"index":"index","follow":"follow","max-snippet":"max-snippet:-1","max-image-preview":"max-image-preview:large","max-video-preview":"max-video-preview:-1"},"canonical":"http:\/\/afi.conforturban-ct.ro\/en\/2021\/10\/28\/bazarul-stefanita-voda\/","og_locale":"en_US","og_type":"article","og_title":"BAZARUL STEFANITA VODA - Administra\u021bia Fondului Imobiliar","og_description":"Regia Autonom\u0103 \u201eExploatarea Domeniului Public \u0219i Privat\u201d Constan\u021ba a f\u0103cut primii pa\u0219i \u00een conturarea profilului unei viitoare investi\u021bii pe strada Soveja intersec\u021bie cu strada \u0218tef\u0103ni\u021b\u0103 Vod\u0103 \u2013 Bazarul \u0218tef\u0103ni\u021b\u0103 Vod\u0103. Zilele trecute au fost finalizate documenta\u0163ia cadastral\u0103 \u015fi intabularea, fiind depus\u0103 totodat\u0103 cererea pentru emiterea certificatului de urbanism, \u00een vederea desfiin\u021b\u0103rii structurii. Pentru a-i consulta&hellip;","og_url":"http:\/\/afi.conforturban-ct.ro\/en\/2021\/10\/28\/bazarul-stefanita-voda\/","og_site_name":"Administra\u021bia Fondului Imobiliar","article_published_time":"2021-10-28T08:24:32+00:00","article_modified_time":"2021-10-28T08:33:10+00:00","twitter_card":"summary_large_image","twitter_misc":{"Written by":"","Est. reading time":"4 minutes"},"schema":{"@context":"https:\/\/schema.org","@graph":[{"@type":"Article","@id":"http:\/\/afi.conforturban-ct.ro\/2021\/10\/28\/bazarul-stefanita-voda\/#article","isPartOf":{"@id":"http:\/\/afi.conforturban-ct.ro\/2021\/10\/28\/bazarul-stefanita-voda\/"},"author":{"name":"","@id":"https:\/\/afi.conforturban-ct.ro\/#\/schema\/person\/d450300ba18fec81da729749df76fe7f"},"headline":"BAZARUL STEFANITA VODA","datePublished":"2021-10-28T08:24:32+00:00","dateModified":"2021-10-28T08:33:10+00:00","mainEntityOfPage":{"@id":"http:\/\/afi.conforturban-ct.ro\/2021\/10\/28\/bazarul-stefanita-voda\/"},"wordCount":290,"publisher":{"@id":"https:\/\/afi.conforturban-ct.ro\/#organization"},"articleSection":["Comunicate de pres\u0103"],"inLanguage":"en-US"},{"@type":"WebPage","@id":"http:\/\/afi.conforturban-ct.ro\/2021\/10\/28\/bazarul-stefanita-voda\/","url":"http:\/\/afi.conforturban-ct.ro\/2021\/10\/28\/bazarul-stefanita-voda\/","name":"BAZARUL STEFANITA VODA - Administra\u021bia Fondului Imobiliar","isPartOf":{"@id":"https:\/\/afi.conforturban-ct.ro\/#website"},"datePublished":"2021-10-28T08:24:32+00:00","dateModified":"2021-10-28T08:33:10+00:00","inLanguage":"en-US","potentialAction":[{"@type":"ReadAction","target":["http:\/\/afi.conforturban-ct.ro\/2021\/10\/28\/bazarul-stefanita-voda\/"]}]},{"@type":"WebSite","@id":"https:\/\/afi.conforturban-ct.ro\/#website","url":"https:\/\/afi.conforturban-ct.ro\/","name":"Administra\u021bia Fondului Imobiliar","description":"Administra\u021bia Fondului Imobiliar","publisher":{"@id":"https:\/\/afi.conforturban-ct.ro\/#organization"},"potentialAction":[{"@type":"SearchAction","target":{"@type":"EntryPoint","urlTemplate":"https:\/\/afi.conforturban-ct.ro\/?s={search_term_string}"},"query-input":{"@type":"PropertyValueSpecification","valueRequired":true,"valueName":"search_term_string"}}],"inLanguage":"en-US"},{"@type":"Organization","@id":"https:\/\/afi.conforturban-ct.ro\/#organization","name":"Administra\u021bia Fondului Imobiliar","url":"https:\/\/afi.conforturban-ct.ro\/","logo":{"@type":"ImageObject","inLanguage":"en-US","@id":"https:\/\/afi.conforturban-ct.ro\/#\/schema\/logo\/image\/","url":"https:\/\/afi.conforturban-ct.ro\/wp-content\/uploads\/2022\/11\/Administratia-fondului-imobiliar-2.png","contentUrl":"https:\/\/afi.conforturban-ct.ro\/wp-content\/uploads\/2022\/11\/Administratia-fondului-imobiliar-2.png","width":500,"height":39,"caption":"Administra\u021bia Fondului Imobiliar"},"image":{"@id":"https:\/\/afi.conforturban-ct.ro\/#\/schema\/logo\/image\/"}},{"@type":"Person","@id":"https:\/\/afi.conforturban-ct.ro\/#\/schema\/person\/d450300ba18fec81da729749df76fe7f","name":"","image":{"@type":"ImageObject","inLanguage":"en-US","@id":"https:\/\/afi.conforturban-ct.ro\/#\/schema\/person\/image\/","url":"https:\/\/secure.gravatar.com\/avatar\/62d033dbc1e11e7fd1ae59b64dbd7571cba60a2b19dc58f6da87f98094558e4b?s=96&d=mm&r=g","contentUrl":"https:\/\/secure.gravatar.com\/avatar\/62d033dbc1e11e7fd1ae59b64dbd7571cba60a2b19dc58f6da87f98094558e4b?s=96&d=mm&r=g"},"url":"https:\/\/afi.conforturban-ct.ro\/en\/author\/"}]}},"_links":{"self":[{"href":"https:\/\/afi.conforturban-ct.ro\/en\/wp-json\/wp\/v2\/posts\/41040","targetHints":{"allow":["GET"]}}],"collection":[{"href":"https:\/\/afi.conforturban-ct.ro\/en\/wp-json\/wp\/v2\/posts"}],"about":[{"href":"https:\/\/afi.conforturban-ct.ro\/en\/wp-json\/wp\/v2\/types\/post"}],"author":[{"embeddable":true,"href":"https:\/\/afi.conforturban-ct.ro\/en\/wp-json\/wp\/v2\/users\/6"}],"replies":[{"embeddable":true,"href":"https:\/\/afi.conforturban-ct.ro\/en\/wp-json\/wp\/v2\/comments?post=41040"}],"version-history":[{"count":4,"href":"https:\/\/afi.conforturban-ct.ro\/en\/wp-json\/wp\/v2\/posts\/41040\/revisions"}],"predecessor-version":[{"id":41044,"href":"https:\/\/afi.conforturban-ct.ro\/en\/wp-json\/wp\/v2\/posts\/41040\/revisions\/41044"}],"wp:attachment":[{"href":"https:\/\/afi.conforturban-ct.ro\/en\/wp-json\/wp\/v2\/media?parent=41040"}],"wp:term":[{"taxonomy":"category","embeddable":true,"href":"https:\/\/afi.conforturban-ct.ro\/en\/wp-json\/wp\/v2\/categories?post=41040"},{"taxonomy":"post_tag","embeddable":true,"href":"https:\/\/afi.conforturban-ct.ro\/en\/wp-json\/wp\/v2\/tags?post=41040"}],"curies":[{"name":"wp","href":"https:\/\/api.w.org\/{rel}","templated":true}]}}